{"id":210648,"date":"2021-11-07T12:00:58","date_gmt":"2021-11-07T11:00:58","guid":{"rendered":"https:\/\/partnerschaftsverein-adelebsen.de\/?p=210648"},"modified":"2025-06-18T10:54:28","modified_gmt":"2025-06-18T08:54:28","slug":"debatte-charta-familienrechte-vs-lgbt-erklaerung","status":"publish","type":"post","link":"https:\/\/partnerschaftsverein-adelebsen.de\/en\/debatte-charta-familienrechte-vs-lgbt-erklaerung","title":{"rendered":"Debate: Municipal Charter of Family Rights &#038; Resolution &#8220;LGBT Ideology-Free Zone&#8221; vs. Warsaw LGBT+ Declaration"},"content":{"rendered":"<p><\/p>\n<p style=\"text-align: justify;\">Die Debatte um die polnischen Kommunen, die die <em>&#8220;Charta der Selbstverwaltung \u00fcber die Rechte der Familien&#8221; <span style=\"font-size: 10pt;\">(Samorz\u0105dowa Karta Praw Rodziny, SKPR)<\/span><\/em> oder die Resolution <em>\u201eLGBT-Ideologiefreie Zone\u201c <span style=\"font-size: 10pt;\">(Strefa wolne od ideologii \u201eLGBT\u201d)<\/span><\/em> unterzeichnet haben, und \u00fcber die Haltung deutscher St\u00e4dte und Gemeinden gegen\u00fcber ihren polnischen Partnern, zeigt die Heftigkeit einer gr\u00f6\u00dferen Diskussion wie unter einem Brennglas.<\/p>\n<p style=\"text-align: justify;\">Gemeint ist das Aufeinanderprallen zweier Verst\u00e4ndnisse von Gesellschaft, auf der einen Seite die Vorstellung von einem freiheitlichen, vielf\u00e4ltigen und toleranten Miteinander, auf der anderen Seite ein konservativeres Gesellschaftsbild mit den Kernwerten nationale Identit\u00e4t, Tradition und klassische Familie.<\/p>\n<p style=\"text-align: justify;\">Beide Positionen haben jeweils auch radikale Auspr\u00e4gungen, die eine bis hin zu einer extrem individualistischen, moralisierenden Anspruchshaltung und einer manchmal hysterisch gef\u00fchrten Diskussion um &#8220;political correctness&#8221;, die andere hin zu einer reaktion\u00e4ren, nationalautorit\u00e4ren Flucht in eine fundamentalistische Welt von gestern unter Dominanz der Mehrheits-Gruppen. Die Mit-Menschenbilder dieser extremen Positionen unterscheiden sich gar nicht so sehr: der Mitb\u00fcrger &#8220;auf der anderen Seite&#8221; wird als unm\u00fcndiger Spielball finsterer M\u00e4chte oder als zu z\u00e4hmender potenzieller Unhold gesehen.<\/p>\n<p style=\"text-align: justify;\">Stecken jetzt hinter den verschiedenen Aktivit\u00e4ten Agenden, ideologische Pl\u00e4ne? Auf der einen Seite zur Zersetzung traditioneller Familienwerte mit Hilfe einer &#8220;Sexualisierung von Kindern&#8221; und dem Ziel, die traditionelle Gesellschaft zu schw\u00e4chen, oder auf der anderen Seite der Versuch eines reaktion\u00e4ren Rollbacks mit Hilfe der Beschuldigung und Ausgrenzung von Minderheiten? Oder gibt es einen &#8220;Korridor der Verst\u00e4ndigung&#8221;? Was sind berechtigte Anliegen und was D\u00e4monisierungen?<\/p>\n<p style=\"text-align: justify;\">Jedenfalls ist der Versuch, eine neue, reine Welt zu erschaffen, in der das B\u00f6se und Unerw\u00fcnschte getilgt oder ausgesperrt ist, im Kern immer totalit\u00e4r. Es bleibt der m\u00fchsame Weg, Widerspr\u00fcche, die sich nicht ertragen lassen, im Diskurs aufzul\u00f6sen, oder, wenn das fehlschl\u00e4gt, dies der Justiz und den entsprechenden Verfassungsorganen zu \u00fcbertragen, welche durch geeignete Verfahren abgesichert und ert\u00fcchtigt werden m\u00fcssen, z.B. durch das, welches von den US-Amerikanern &#8220;Checks and Balances&#8221; genannt wird.<\/p>\n<p style=\"text-align: justify;\">Die polnisch-deutsche Staatsgrenze ist in diese Hinsicht nicht unbedingt auch eine kulturelle Grenze, doch lassen sich beidseits verschiedene Gewichtungen und Mehrheiten zu den genannten Standpunkten beobachten. Wobei die Regionen des historischen Kulturraums Schlesien-Lausitz-Sachsen vielleicht ein bisschen &#8220;in-between&#8221; sind.<\/p>\n<p style=\"text-align: justify;\">Diese Debatte ber\u00fchrt nat\u00fcrlich auch das Verst\u00e4ndnis von St\u00e4dte- und Gemeindepartnerschaften: Wer sind deren &#8220;Subjekte&#8221;, die B\u00fcrger und Vereine und\/oder die politischen Repr\u00e4sentanten?\u00a0 Was kann und muss von den Partnerschaften erwartet werden, wo bieten sie Chancen und wovon sind sie \u00fcberfordert?<\/p>\n<p style=\"text-align: justify;\">Wenn wir das Gespr\u00e4ch \u00fcber diese Themen nicht f\u00fchren und aushalten, berauben wir uns auch unseres gemeinsamen europ\u00e4ischen Schatzes, der immensen F\u00fclle an Kultur und Geschichte und auch deren schmerzlichen Lehren und zusammen bestandenen Herausforderungen.<\/p>\n<p><img decoding=\"async\" class=\"aligncenter\" src=\"https:\/\/partnerschaftsverein-adelebsen.de\/wp-content\/uploads\/2015\/11\/trenner-300x26.png.webp\" alt=\"trenner\" \/><br \/>\nDer Philosoph <a href=\"https:\/\/de.wikipedia.org\/wiki\/Alexander_Grau_(Journalist)\" target=\"_blank\" rel=\"noopener\">Alexander Grau<\/a> hat im Spiegel <em>5\/2021 S.12<\/em>0 einen interessanten Essay \u00fcber die gesellschaftlichen Kr\u00e4fte zwischen Tradition und sp\u00e4ter Moderne ver\u00f6ffentlicht: <a href=\"https:\/\/www.spiegel.de\/kultur\/das-projekt-moderne-droht-an-seinem-erfolg-zu-scheitern-in-der-angstspirale-a-00000000-0002-0001-0000-000175089103\" target=\"_blank\" rel=\"noopener\"><em>In der Angstspirale<\/em><\/a><\/p>\n<p style=\"text-align: justify;\">Ein Text des franz\u00f6sischen Sozialwissenschaftlers und Rassismusforschers <a href=\"https:\/\/de.wikipedia.org\/wiki\/Michel_Wieviorka\" target=\"_blank\" rel=\"noopener\">Prof. Michel Wieviorka<\/a>, &#8220;<em>Wokeizm. Woke. Czas rewolucji&#8221;<\/em>, ein Auszug aus dem Buch &#8220;<em>Co z t\u0105 Francj\u0105, Panie Macron?<\/em>&#8221; von 2022: <em><a href=\"https:\/\/wszystkoconajwazniejsze.pl\/prof-michel-wieviorka-wokeizm-woke\/\" target=\"_blank\" rel=\"noopener\">wszystkoconajwazniejsze.pl\/prof-michel-wieviorka-wokeizm-woke<\/a><\/em><\/p>\n<p>Und ein Beitrag des Spiegel-Korrespondenten in den USA, <a href=\"https:\/\/de.wikipedia.org\/wiki\/Ren%C3%A9_Pfister\" target=\"_blank\" rel=\"noopener\">Ren\u00e8 Pfister<\/a> vom August 2022 mit dem Titel <em>&#8220;Ein falsches Wort&#8221;<\/em> (Spiegel <em>35\/2022 S.78<\/em>): <a href=\"https:\/\/www.spiegel.de\/ausland\/debatte-ueber-woke-sprachregelungen-ein-falsches-wort-a-0bd6b7dd-c4e4-4ab7-a3d2-375ff673cfd0\" target=\"_blank\" rel=\"noopener\">spiegel.de\/ausland\/debatte-ueber-woke-sprachregelungen-ein-falsches-wort &#8230; <\/a><\/p>\n<p>&nbsp;<\/p>\n<p style=\"text-align: justify;\"><em>Ein Hinweis zur Redlichkeit der Debatte:<\/em><br \/>\neine Resolution <span style=\"color: #ff0000;\"><em>\u201eLGBT-freie Zone\u201c<\/em><\/span> gibt es unseres Wissens nicht und hat es nie gegeben, es ist immer von <span style=\"color: #ff0000;\"><em>\u201eLGBT-ideologiefrei\u201c<\/em><\/span> die Rede. Zu dieser Unterscheidung erkl\u00e4rt allerdings das Provinz-Verwaltungsgericht der Woiwodschaft Schlesien in Gliwice in der m\u00fcndlichen Begr\u00fcndung seines Urteils vom 14. Juli 2020:<br \/>\n<em>\u201eIdeologie ist immer mit Menschen verbunden. Gem\u00e4\u00df der W\u00f6rterbuchdefinition handelt es sich um ein System von Ansichten von Einzelpersonen oder Gruppen von Personen. Der Begriff &#8220;LGBT-ideologiefreie Zone&#8221; bezieht sich de facto auch auf Menschen, und die Erkl\u00e4rung, dass mit LGBT eine Ideologie gemeint sei und nicht Menschen, verschlie\u00dft die Augen vor der Realit\u00e4t.&#8221;<\/em><br \/>\n<em><span style=\"font-size: 10pt;\">\u201eIdeologia jest zawsze zwi\u0105zana z lud\u017ami. Wg definicji s\u0142ownikowej, to system pogl\u0105d\u00f3w jednostek lub grupy ludzi. Termin \u201estrefa wolna od ideologii LGBT\u201d de facto odnosi si\u0119 r\u00f3wnie\u017c do ludzi, a t\u0142umaczenie, \u017ce LGBT to ideologia a nie ludzie jest przymykaniem oczu na rzeczywisto\u015b\u0107\u201d.<\/span> <\/em><span style=\"font-size: 10pt;\"><a href=\"https:\/\/www.rpo.gov.pl\/pl\/content\/wsa-w-gliwicach-uniewasni%C5%82-uchwale-antylgbt-rady-gminy-istebna\" target=\"_blank\" rel=\"noopener\">rpo.gov.pl\/pl\/content\/wsa-w-gliwicach-uniewasni%C5%82-uchwale-antylgbt-rady-gminy-istebna<\/a> (siehe auch weiter unten)<\/span><\/p>\n<p style=\"text-align: justify;\">Da wir w\u00e4hrend der Erstellung des Beitrags keine deutsche Version der <em>Samorz\u0105dowa Karta Praw Rodziny<\/em> im Web gefunden hatten, haben wir uns selbst an einer \u00dcbersetzung versucht. Verbesserungsvorschl\u00e4ge sind nat\u00fcrlich willkommen.<\/p>\n<p style=\"text-align: justify;\"><em>(Update: seit April 2020 finden Sie eine deutsche \u00dcbersetzung auf der Projektseite von Pawe\u0142 Kwa\u015bniak <a href=\"https:\/\/kartarodzin.pl\/\" target=\"_blank\" rel=\"noopener noreferrer\">kartarodzin.pl<\/a> <span style=\"font-size: 10pt;\">(<a href=\"https:\/\/web.archive.org\/web\/20210430121458\/https:\/\/www.kartarodzin.pl\/\" target=\"_blank\" rel=\"noopener noreferrer\">Archiv-Version<\/a>, <a href=\"https:\/\/v.fastcdn.co\/u\/ff8eca37\/50262115-0-SKPR-gmina-DE-digita.pdf\" target=\"_blank\" rel=\"noopener noreferrer\">Download 1<\/a> oder <a href=\"https:\/\/kartarodzin.pl\/wp-content\/uploads\/2022\/02\/SKPR_gmina_DE_digital.pdf\" target=\"_blank\" rel=\"noopener noreferrer\">Download 2<\/a>)<\/span>. Vielleicht ist der Vergleich der \u00dcbersetzungen von Interesse.)<\/em><\/p>\n<p>Christian Wolters<\/p>\n<div class=\"wp-block-pdfemb-pdf-embedder-viewer\"><a href=\"https:\/\/partnerschaftsverein-adelebsen.de\/wp-content\/uploads\/2020\/06\/Charta-ueber-die-Rechte-der-Familie-Samorz\u0105dowa-Karta-Praw-Rodziny.pdf\" class=\"pdfemb-viewer\" style=\"\" data-width=\"max\" data-height=\"max\" data-toolbar=\"both\" data-toolbar-fixed=\"on\">Charta ueber die Rechte der Familie - Samorz\u0105dowa Karta Praw Rodziny<\/a><\/div>\n<p>&nbsp;<\/p>\n<p style=\"text-align: center;\"><a href=\"https:\/\/partnerschaftsverein-adelebsen.de\/wp-content\/uploads\/2020\/06\/Charta-ueber-die-Rechte-der-Familie-Samorz\u0105dowa-Karta-Praw-Rodziny.pdf\" target=\"_blank\" rel=\"noopener noreferrer\">Charta-ueber-die-Rechte-der-Familie-Samorz\u0105dowa-Karta-Praw-Rodziny.pdf<\/a><br \/>\n<em>&#8211; Quelle: <a href=\"https:\/\/www.ordoiuris.pl\/rodzina-i-malzenstwo\/samorzadowa-karta-praw-rodzin\" target=\"_blank\" rel=\"noopener noreferrer\">www.ordoiuris.pl &#8211; Samorz\u0105dowa Karta Praw Rodzin<\/a> vom 18. April 2019,<br \/>\nKeine Gew\u00e4hr f\u00fcr die Richtigkeit und Vollst\u00e4ndigkeit der \u00dcbersetzung &#8211;<\/em><\/p>\n<p>&nbsp;<\/p>\n<p><img decoding=\"async\" class=\"aligncenter\" src=\"https:\/\/partnerschaftsverein-adelebsen.de\/wp-content\/uploads\/2015\/11\/trenner-300x26.png.webp\" alt=\"trenner\" \/><\/p>\n<h4 style=\"text-align: center;\">Hier eine kleine Chronik der laufenden Ereignisse<\/h4>\n<p style=\"text-align: justify;\"><img decoding=\"async\" class=\"aligncenter\" src=\"\/wp-content\/uploads\/2024\/11\/Muentzer-Fahne_.jpg\" alt=\"Regenbogenfahne von Thomas M\u00fcntzer\" width=\"60%\" \/><br \/>\n<span style=\"font-size: 10pt; text-align: center;\"><a href=\"https:\/\/de.wikipedia.org\/wiki\/Regenbogenfahne\" target=\"_blank\" rel=\"noopener\">Regenbogenfahne<\/a> des <em>M\u00fchlh\u00e4user Haufens<\/em> unter dem Reformator <a href=\"https:\/\/de.wikipedia.org\/wiki\/Thomas_M%C3%BCntzer\" target=\"_blank\" rel=\"noopener\">Thomas M\u00fcntzer<\/a> in der <a href=\"https:\/\/de.wikipedia.org\/wiki\/Schlacht_bei_Frankenhausen\" target=\"_blank\" rel=\"noopener\">Schlacht bei Frankenhausen 1525<\/a> &#8211; Wikipedia: <em>Mit einer solchen Fahne wird in zahlreichen Kulturen weltweit die Stimmung f\u00fcr Frieden, Aufbruch und Ver\u00e4nderung ausgedr\u00fcckt. Sie gilt auch als Zeichen f\u00fcr Toleranz und Akzeptanz der Vielfalt von Lebensformen, der Hoffnung und der Sehnsucht. Quelle: Basileus1389 \/ <a href=\"https:\/\/commons.wikimedia.org\/wiki\/File:Flagge_der_Bauern_im_Bauernkrieg.png\" target=\"_blank\" rel=\"noopener\">commons.wikimedia.org<\/a>.<\/em><\/span><\/p>\n<p style=\"text-align: justify;\"><em>16.06.2007<\/em><br \/>\nDie Zeitung <a href=\"https:\/\/www.rp.pl\/\" target=\"_blank\" rel=\"noopener noreferrer\"><em>Rzeczpospolita<\/em><\/a> \u00fcbersetzt den 1987 in der US-Zeitschrift\u00a0 &#8220;<em>Guide Magazine<\/em>&#8221; erschienenen Artikel &#8220;<em>The Overhauling of Straight America<\/em>&#8221; von <a href=\"https:\/\/en.wikipedia.org\/wiki\/Marshall_Kirk\" target=\"_blank\" rel=\"noopener noreferrer\">Marshall Kirk<\/a> und Erastes Pill (Hunter Madsen)\u00a0als Beleg f\u00fcr eine subversive Strategie oder Agenda von LGBT-Aktivisten.<\/p>\n<ul>\n<li><span style=\"font-size: 10pt;\"><a href=\"http:\/\/library.gayhomeland.org\/0018\/EN\/EN_Overhauling_Straight.htm\" target=\"_blank\" rel=\"noopener noreferrer\">library.gayhomeland.org\/&#8230;\/EN_Overhauling_Straight&#8230;<\/a><\/span><\/li>\n<li><span style=\"font-size: 10pt;\"><a href=\"https:\/\/archiwum.rp.pl\/artykul\/691210-Przerobic-heteroseksualna-Ameryke.html\" target=\"_blank\" rel=\"noopener noreferrer\">archiwum.rp.pl\/&#8230;\/&#8230;-Przerobic-heteroseksualna-Ameryke<\/a><\/span><\/li>\n<li><span style=\"font-size: 10pt;\"><a href=\"https:\/\/lutownica.dominikanie.pl\/przerobic-heteroseksualna-ameryke\/\" target=\"_blank\" rel=\"noopener noreferrer\">lutownica.dominikanie.pl\/przerobic-heteroseksualna-ameryke<\/a><\/span><\/li>\n<li><span style=\"font-size: 10pt;\"><a href=\"https:\/\/web.archive.org\/web\/20200925113030\/http:\/\/williamapercy.com\/wiki\/index.php?title=Farewell_To_A_%27Venerable%27_Radical_Gay_Magazine\" target=\"_blank\" rel=\"noopener noreferrer\">williamapercy.com\/&#8230;\/Farewell To A &#8216;Venerable&#8217; Radical Gay Magazine<\/a><\/span><\/li>\n<li><span style=\"font-size: 10pt;\"><a href=\"https:\/\/www.dailyxtra.com\/so-your-body-is-changing-11217\" target=\"_blank\" rel=\"noopener noreferrer\">dailyxtra.com\/so-your-body-is-changing&#8230;<\/a><\/span><\/li>\n<li><span style=\"font-size: 10pt;\"><a href=\"https:\/\/pl.wikipedia.org\/wiki\/Agenda_homoseksualna\" target=\"_blank\" rel=\"noopener noreferrer\">pl.wikipedia.org\/&#8230;\/Agenda_homoseksualna<\/a><\/span><\/li>\n<li><span style=\"font-size: 10pt;\"><a href=\"https:\/\/de.wikipedia.org\/wiki\/Rzeczpospolita_(Zeitung)\" target=\"_blank\" rel=\"noopener noreferrer\">de.wikipedia.org\/wiki\/Rzeczpospolita_(Zeitung)<\/a><\/span><\/li>\n<\/ul>\n<p style=\"text-align: justify;\"><em>15.11.2010<\/em><br \/>\nDie Stiftung Mutter und Vater (<em><a href=\"https:\/\/web.archive.org\/web\/20150922025511\/https:\/\/pl.wikipedia.org\/wiki\/Fundacja_Mamy_i_Taty\" target=\"_blank\" rel=\"noopener noreferrer\">Fundacja Mamy i Taty<\/a><\/em>, Mother and Father Foundation) ver\u00f6ffentlicht einen 47-seitigen Bericht &#8220;<em>Gegen Freiheit und Demokratie &#8211; Politische Strategie der LGBT-Lobby in Polen und in der Welt: Ziele, Instrumente, Konsequenzen<\/em>&#8220;<\/p>\n<ul>\n<li><span style=\"font-size: 10pt;\"><a href=\"https:\/\/web.archive.org\/web\/20200517185321\/https:\/\/mamaitata.org.pl\/raporty\/przeciw-wolnosci-i-demokracji\" target=\"_blank\" rel=\"noopener noreferrer\">web.archive.org\/web\/20200517185321\/https:\/\/mamaitata.org.pl\/raporty\/przeciw-wolnosci-i-demokracji<\/a><\/span><\/li>\n<li><span style=\"font-size: 10pt;\"><a href=\"https:\/\/web.archive.org\/web\/20200517185259\/http:\/\/www.mamaitata.org.pl\/gfx-upload\/pliki\/Przeciw_wolnosci_i_demokracji___Raport_Fundacji_Mamy_i_Taty.pdf\" target=\"_blank\" rel=\"noopener noreferrer\">web.archive.org\/web\/20200517185259\/http:\/\/www.mamaitata.org.pl\/gfx-upload\/pliki\/Przeciw_wolnosci_i_demokracji___Raport_Fundacji_Mamy_i_Taty.pdf<\/a><\/span><\/li>\n<li><span style=\"font-size: 10pt;\"><a href=\"https:\/\/www.rp.pl\/artykul\/564462-Powstal-raport-o-politycznej-strategii-homoseksualistow.html\" target=\"_blank\" rel=\"noopener noreferrer\">rp.pl\/artykul\/&#8230;-Powstal-raport-o-politycznej-strategii-homoseksualistow<\/a><\/span><\/li>\n<li><span style=\"font-size: 10pt;\"><a href=\"https:\/\/serwisrodzinny.pl\/\" target=\"_blank\" rel=\"noopener\">serwisrodzinny.pl<\/a><\/span><\/li>\n<\/ul>\n<p style=\"text-align: justify;\"><em>14.08.2013<\/em><br \/>\nGr\u00fcndung der Stiftung <a href=\"https:\/\/pl.wikipedia.org\/wiki\/Fundacja_Instytut_na_rzecz_Kultury_Prawnej_Ordo_Iuris\" target=\"_blank\" rel=\"noopener noreferrer\">Ordo Iuris-Institut f\u00fcr Rechtskultur<\/a> <em>(Fundacja Instytut na rzecz Kultury Prawnej Ordo Iuris)<\/em>. Die Organisation steht der brasilianischen <a href=\"https:\/\/de.wikipedia.org\/wiki\/Sociedade_Brasileira_de_Defesa_da_Tradi%C3%A7%C3%A3o,_Fam%C3%ADlia_e_Propriedade\" target=\"_blank\" rel=\"noopener noreferrer\"><em>Sociedade Brasileira de Defesa da Tradi\u00e7\u00e3o, Fam\u00edlia e Propriedade<\/em><\/a> (TFP) und deren polnischer Dependance <em><a href=\"https:\/\/pl.wikipedia.org\/wiki\/Stowarzyszenie_Kultury_Chrze%C5%9Bcija%C5%84skiej_im._ks._Piotra_Skargi\" target=\"_blank\" rel=\"noopener\">Stowarzyszenie Kultury Chrze\u015bcija\u0144skiej im. ks. Piotra Skargi<\/a><\/em> nahe \u2212 ein Fragment des TFP-Logos wird im Ordo Iuris-Logo verwendet. Erster Pr\u00e4sident wird <a href=\"https:\/\/pl.wikipedia.org\/wiki\/Aleksander_St%C4%99pkowski\" target=\"_blank\" rel=\"noopener noreferrer\"><em>Aleksander St\u0119pkowski<\/em><\/a>, <a href=\"https:\/\/www.linkedin.com\/in\/aleksander-st%C4%99pkowski-7b27159\/\" target=\"_blank\" rel=\"noopener\">zeitweiliger Unterstaatssekret\u00e4r<\/a> u.a. f\u00fcr Menschenrechte im Au\u00dfenministerium des <a href=\"https:\/\/de.wikipedia.org\/wiki\/Kabinett_Szyd%C5%82o\" target=\"_blank\" rel=\"noopener\">Kabinetts Szyd\u0142o<\/a>.<\/p>\n<ul>\n<li><span style=\"font-size: 10pt;\"><a href=\"https:\/\/pl.wikiquote.org\/wiki\/Aleksander_St%C4%99pkowski\" target=\"_blank\" rel=\"noopener noreferrer\">pl.wikiquote.org\/&#8230;\/Aleksander_St\u0119pkowski<\/a><\/span><\/li>\n<li><span style=\"font-size: 10pt;\"><a href=\"https:\/\/web.archive.org\/web\/20220329035249\/https:\/\/en.ordoiuris.pl\/who-we-are\" target=\"_blank\" rel=\"noopener noreferrer\">en.ordoiuris.pl\/who-we-are<\/a><\/span><\/li>\n<li><span style=\"font-size: 10pt;\"><a href=\"https:\/\/pl.wikipedia.org\/wiki\/Fundacja_Instytut_na_rzecz_Kultury_Prawnej_Ordo_Iuris\" target=\"_blank\" rel=\"noopener noreferrer\">pl.wikipedia.org\/wiki\/Fundacja_Instytut_na_rzecz_Kultury_Prawnej_Ordo_Iuris<\/a><\/span><\/li>\n<li><a href=\"http:\/\/www.tfp-deutschland.de\/\"><span style=\"font-size: 10pt;\">tfp-deutschland.de<\/span><\/a><\/li>\n<li><span style=\"font-size: 10pt;\"><a href=\"https:\/\/www.gwi-boell.de\/de\/2019\/04\/29\/agenda-europe-ein-extremistisches-christliches-netzwerk-im-herzen-europas\" target=\"_blank\" rel=\"noopener noreferrer\">gwi-boell.de\/&#8230;\/agenda-europe-ein-extremistisches-christliches-netzwerk-im-herzen-europas<\/a><\/span><\/li>\n<li><span style=\"font-size: 10pt;\"><a href=\"https:\/\/www.boell.de\/de\/2016\/10\/12\/schwarze-regenschirme-weisse-kittel-abtreibungsfrage-polen\" target=\"_blank\" rel=\"noopener noreferrer\">boell.de\/&#8230;\/schwarze-regenschirme-weisse-kittel-abtreibungsfrage-polen<\/a><\/span><\/li>\n<li><a href=\"https:\/\/zielonewiadomosci.pl\/tematy\/feminizm\/kasa-wplywy-powiazania\/\" target=\"_blank\" rel=\"noopener\"><span style=\"font-size: 10pt;\">zielonewiadomosci.pl\/tematy\/feminizm\/kasa-wplywy-powiazania<\/span><\/a><\/li>\n<li><span style=\"font-size: 10pt;\"><a href=\"https:\/\/web.archive.org\/web\/20211117052610\/http:\/\/kvinnefronten.no\/international-ultra-conservative-anti-abortion-lobbying\/\" target=\"_blank\" rel=\"noopener noreferrer\">kvinnefronten.no\/international-ultra-conservative-anti-abortion-lobbying<\/a><\/span><\/li>\n<li><span style=\"font-size: 10pt;\"><a href=\"https:\/\/oko.press\/ordo-iuris-buduje-ultrakonserwatywne-imperium\/\" target=\"_blank\" rel=\"noopener noreferrer\">oko.press\/ordo-iuris-buduje-ultrakonserwatywne-imperium<\/a><\/span><\/li>\n<li><span style=\"font-size: 10pt;\"><a href=\"https:\/\/www.queer.de\/detail.php?article_id=36203\" target=\"_blank\" rel=\"noopener noreferrer\">queer.de\/&#8230;article_id=36203<\/a><\/span><\/li>\n<\/ul>\n<p style=\"text-align: justify;\">29.12.2013<br \/>\nDie polnische Bischofskonferenz verurteilt in einem Hirtenbrief die sog. \u203aGender-Ideologie\u2039 bzw. den \u203aGenderismus\u2039 und warnt vor der Gefahr, wenn Ehe und Familie ihren Stellenwert verl\u00f6ren, was \u201ezwangsl\u00e4ufig zur Zersetzung der Familien und zu menschlichen Katastrophen\u201c f\u00fchre.<\/p>\n<ul>\n<li><a href=\"https:\/\/www.archidiecezja.wroc.pl\/pliki\/list_29122013.pdf\" target=\"_blank\" rel=\"noopener\"><span style=\"font-size: 10pt;\">archidiecezja.wroc.pl\/pliki\/list_29122013.pdf<\/span><\/a><\/li>\n<li><a href=\"https:\/\/opoka.org.pl\/biblioteka\/W\/WE\/kep\/swrodziny_29122013.html\" target=\"_blank\" rel=\"noopener\"><span style=\"font-size: 10pt;\">opoka.org.pl\/&#8230;\/swrodziny_29122013<\/span><\/a><\/li>\n<\/ul>\n<p style=\"text-align: justify;\"><em>05.04.2017<\/em><br \/>\nGr\u00fcndung der Konf\u00f6deration von Nichtregierungsinitiativen der Republik Polen (<em>Konfederacja Inicjatyw Pozarz\u0105dowych Rzeczypospolitej<\/em>, KIPR) als Alternative zum Polnischen NGO-Forum (<a href=\"https:\/\/pl.wikipedia.org\/wiki\/Og%C3%B3lnopolskie_Forum_Inicjatyw_Pozarz%C4%85dowych\" target=\"_blank\" rel=\"noopener noreferrer\"><em>Og\u00f3lnopolskie Forum Organizacji Pozarz\u0105dowych<\/em><\/a>) mit dem ausdr\u00fccklichen Ziel, &#8220;Fairness in die Verteilung der norwegischen <a href=\"https:\/\/de.wikipedia.org\/wiki\/Europ%C3%A4ischer_Wirtschaftsraum\" target=\"_blank\" rel=\"noopener noreferrer\">EWR<\/a>-Mittel zu bringen&#8221;, also diese st\u00e4rker an Gruppierungen zu leiten, die ein konservatives Gesellschaftsbild vertreten. Norwegen, nicht Mitglied der EU, ist der gr\u00f6\u00dfte Geber der sogenannten Mittel des Europ\u00e4ischen Wirtschaftsraums (EWR), die an \u00e4rmere EU-Mitgliedstaaten als Gegenleistung f\u00fcr den Zugang Norwegens zum EU-Binnenmarkt gezahlt werden und darauf abzielen, die sozialen und wirtschaftlichen Unterschiede zu verringern. Polen ist der gr\u00f6\u00dfte Empf\u00e4nger.<\/p>\n<p style=\"text-align: justify;\">Im Vorstand von KIPR sa\u00dfen und sitzen Vertreter verschiedener konservativer Organisationen, neben Ordo Iuris unter anderem von der Unabh\u00e4ngigkeitsstiftung (<a href=\"https:\/\/www.fundacja-niepodleglosci.pl\/\" target=\"_blank\" rel=\"noopener noreferrer\"><em>Fundacji Niepodleg\u0142o\u015bci<\/em><\/a>), der Vereinigung Odra-Niemen (<a href=\"https:\/\/odraniemen.org\/\" target=\"_blank\" rel=\"noopener noreferrer\"><em>Stowarzyszenia Odra-Niemen<\/em><\/a>) und dem Verband KoLiber (<a href=\"https:\/\/web.archive.org\/web\/20201122091714\/https:\/\/koliber.org\/\" target=\"_blank\" rel=\"noopener noreferrer\"><em>Stowarzyszenia KoLiber<\/em><\/a>). Hier ein Bericht des Gr\u00fcndungsausschusses vom 07.02.2017 auf der Webseite von <a href=\"http:\/\/obserwatoriumdemokracji.pl\/\" target=\"_blank\" rel=\"noopener noreferrer\">Obserwatorium demokracji<\/a>: <em><a href=\"http:\/\/obserwatoriumdemokracji.pl\/wp-content\/uploads\/2016\/11\/opinia_konfederacja-inijatyw-pozarz%C4%85dowych-RP.pdf\" target=\"_blank\" rel=\"noopener noreferrer\">opinia_konfederacja-inijatyw-pozarz\u0105dowych-RP.pdf<\/a><\/em>.<\/p>\n<ul>\n<li><a href=\"https:\/\/konfederacjaipr.pl\/\" target=\"_blank\" rel=\"noopener noreferrer\"><span style=\"font-size: 10pt;\">konfederacjaipr.pl<\/span><\/a><\/li>\n<li><a href=\"https:\/\/web.archive.org\/web\/20170405152044\/http:\/\/wiadomosci.onet.pl\/kraj\/powstala-konfederacja-inicjatyw-pozarzadowych-rzeczpospolitej\/y7jmlv6\" target=\"_blank\" rel=\"noopener noreferrer\"><span style=\"font-size: 10pt;\">wiadomosci.onet.pl\/kraj\/powstala-konfederacja-inicjatyw-pozarzadowych-rzeczpospolitej\/&#8230;<\/span><\/a><\/li>\n<li><a href=\"https:\/\/web.archive.org\/web\/20231009221559\/https:\/\/carnegieeurope.eu\/2018\/10\/04\/freedom-to-exclude-conservative-csos-in-law-and-justice-poland-pub-77377\" target=\"_blank\" rel=\"noopener noreferrer\"><span style=\"font-size: 10pt;\">carnegieeurope.eu\/2018\/10\/04\/freedom-to-exclude-conservative-csos-in-law-and-justice-poland-pub-&#8230;<\/span><\/a><\/li>\n<li><a href=\"https:\/\/ec.europa.eu\/regional_policy\/de\/newsroom\/news\/2018\/05\/05-04-2018-eea-and-norway-grants-support-eu-cohesion-policy-in-making-europe-stronger\" target=\"_blank\" rel=\"noopener noreferrer\"><span style=\"font-size: 10pt;\">ec.europa.eu\/&#8230;-eea-and-norway-grants-support-eu-cohesion-policy-in-making-europe-stronger<\/span><\/a><\/li>\n<li><a href=\"https:\/\/euobserver.com\/nordic\/139490\" target=\"_blank\" rel=\"noopener noreferrer\"><span style=\"font-size: 10pt;\">euobserver.com\/nordic\/139490<\/span><\/a><\/li>\n<li><a href=\"http:\/\/ofip.eu\/\" target=\"_blank\" rel=\"noopener noreferrer\"><span style=\"font-size: 10pt;\">ofip.eu<\/span><\/a><\/li>\n<\/ul>\n<p><em>12.08.2018<\/em><br \/>\nVerteidigungsminister <em>Mariusz B\u0142aszczak<\/em> bezeichnet auf Radio Maryja die Christopher-Street-Day-Parade in Poznan als &#8220;Parade von Sodomiten, die versuchen, anderen ihre Interpretation der B\u00fcrgerrechte und -pflichten aufzuzwingen&#8221;.<\/p>\n<ul>\n<li><span style=\"font-size: 10pt;\"><a href=\"https:\/\/web.archive.org\/web\/20210727211729\/https:\/\/www.radiomaryja.pl\/informacje\/tylko-u-nas-m-blaszczak-o-lgbt-probuja-narzucic-swoja-interpretacje-praw-i-obowiazkow\/\" target=\"_blank\" rel=\"noopener\">radiomaryja.pl\/informacje\/tylko-u-nas-m-blaszczak-o-lgbt-probuja-narzucic-swoja-interpretacje-praw-i-obowiazkow<\/a><\/span><\/li>\n<li><span style=\"font-size: 10pt;\"><a href=\"https:\/\/de.wikipedia.org\/wiki\/Mariusz_B%C5%82aszczak\" target=\"_blank\" rel=\"noopener\">de.wikipedia.org\/wiki\/Mariusz_B\u0142aszczak<\/a><\/span><\/li>\n<li><a href=\"https:\/\/www.queer.de\/detail.php?article_id=31731\" target=\"_blank\" rel=\"noopener\"><span style=\"font-size: 10pt;\">queer.de &#8211; Polen: Verteidigungsminister bezeichnet CSD als &#8220;Sodomiten-Parade&#8221;<\/span><\/a><\/li>\n<\/ul>\n<p><em>16.10.2018<\/em><br \/>\n<em>Jerzy Kwa\u015bniewski<\/em>, seit November 2017 Pr\u00e4sident des Ordo Iuris-Instituts f\u00fcr Rechtskultur, startet erstmals eine Kampagne gegen die Bedrohung der Familie als Gemeinschaft von Vater, Mutter und Kindern durch die &#8220;Gender-Ideologie&#8221;.<\/p>\n<ul>\n<li><span style=\"font-size: 10pt;\"><a href=\"https:\/\/ordoiuris.pl\/adw-jerzy-kwasniewski\" target=\"_blank\" rel=\"noopener noreferrer\">ordoiuris.pl\/adw-jerzy-kwasniewski<\/a><\/span><\/li>\n<\/ul>\n<p><em>18.02.2019<\/em><br \/>\nDer neue Warschauer Oberb\u00fcrgermeister <a href=\"https:\/\/de.wikipedia.org\/wiki\/Rafa%C5%82_Trzaskowski\" target=\"_blank\" rel=\"noopener noreferrer\"><em>Rafa\u0142 Trzaskowski<\/em><\/a> von der liberalen B\u00fcrgerplattform (PO) unterzeichnet die sogenannte LGBT+-Charta, die &#8220;Warschauer Erkl\u00e4rung einer st\u00e4dtischen Politik f\u00fcr die LGBT+-Gemeinschaften&#8221;.<\/p>\n<ul>\n<li><span style=\"font-size: 10pt;\"><a href=\"https:\/\/web.archive.org\/web\/20230705113419\/https:\/\/mnw.org.pl\/app\/uploads\/2019\/02\/warszawska-deklaracja-lgbt.pdf\" target=\"_blank\" rel=\"noopener noreferrer\">mnw.org.pl\/&#8230;\/2019\/02\/warszawska-deklaracja-lgbt.pdf<\/a><\/span><\/li>\n<li><span style=\"font-size: 10pt;\"><a href=\"https:\/\/www.um.warszawa.pl\/aktualnosci\/prezydent-stolicy-podpisa-deklaracj-lgbt\" target=\"_blank\" rel=\"noopener noreferrer\">um.warszawa.pl\/&#8230;\/prezydent-stolicy-podpisa-deklaracj-lgbt<\/a><\/span><\/li>\n<li><span style=\"font-size: 10pt;\"><a href=\"https:\/\/web.archive.org\/web\/20240529052327\/https:\/\/mnw.org.pl\/warszawska-deklaracja-lgbt\/\" target=\"_blank\" rel=\"noopener noreferrer\">mnw.org.pl\/warszawska-deklaracja-lgbt<\/a><\/span><\/li>\n<\/ul>\n<p><em>18.03.2019<\/em><br \/>\nOrdo Iuris formuliert die &#8220;Charta der Familienrechte der lokalen Gebietsk\u00f6rperschaften&#8221; (<em>Samorz\u0105dowa Karta Praw Rodzin<\/em>),<\/p>\n<ul>\n<li><span style=\"font-size: 10pt;\"><a href=\"https:\/\/www.ordoiuris.pl\/rodzina-i-malzenstwo\/samorzadowa-karta-praw-rodzin\" target=\"_blank\" rel=\"noopener noreferrer\">ordoiuris.pl\/rodzina-i-malzenstwo\/samorzadowa-karta-praw-rodzin<\/a><\/span><\/li>\n<li><span style=\"font-size: 10pt;\"><a href=\"https:\/\/ordoiuris.pl\/kampanie-ordo-iuris\" target=\"_blank\" rel=\"noopener noreferrer\">ordoiuris.pl\/kampanie-ordo-iuris<\/a><\/span><\/li>\n<li><a href=\"https:\/\/ordoiuris.pl\/rodzina-i-malzenstwo\/apel-do-samorzadow-w-obronie-praw-rodzin-petycja-ordo-iuris\" target=\"_blank\" rel=\"noopener noreferrer\"><span style=\"font-size: 10pt;\">ordoiuris.pl\/&#8230;\/apel-do-samorzadow-w-obronie-praw-rodzin-petycja-ordo-iuris<\/span><\/a><\/li>\n<li><span style=\"font-size: 10pt;\"><a href=\"https:\/\/web.archive.org\/web\/20210303220345\/https:\/\/www.maszwplyw.pl\/nie-dla-deklaracji-lgbt--w-warszawie-,90,k.html\" target=\"_blank\" rel=\"noopener noreferrer\">maszwplyw.pl\/nie-dla-deklaracji-lgbt&#8211;w-warszawie-&#8230;<\/a><\/span><\/li>\n<\/ul>\n<p>Kampagnenseite von <em>Pawe\u0142 Kwa\u015bniak<\/em> zur Samorz\u0105dowa Karta Praw Rodzin: <a href=\"https:\/\/web.archive.org\/web\/20210430121458\/https:\/\/www.kartarodzin.pl\/\" target=\"_blank\" rel=\"noopener noreferrer\">kartarodzin.pl<\/a> <span style=\"font-size: 10pt;\">(<em>Archive-Version<\/em>, siehe auch Grafik in der Titel-Collage unten)<\/span><\/p>\n<p><span style=\"font-size: 13.3333px;\">Die SKPR ist nicht zu verwechseln mit der &#8220;<em>Charta der Familienrechte des P\u00e4pstlichen Rats f\u00fcr die Familie im Pontifikat des Heiligen Vaters Johannes Paul II.<\/em>&#8221; vom 22.10.1983:<\/span><\/p>\n<ul>\n<li><span style=\"font-size: 10pt;\"><a href=\"https:\/\/www.vatican.va\/roman_curia\/pontifical_councils\/family\/documents\/rc_pc_family_doc_19831022_family-rights_ge.html\" target=\"_blank\" rel=\"noopener\">vatican.va roman_curia pontifical_councils family rc_pc_family_doc_19831022_family-rights_ge<\/a><\/span><\/li>\n<li><span style=\"font-size: 10pt;\"><a href=\"https:\/\/web.archive.org\/web\/20250422065534\/https:\/\/www.kathpedia.de\/index.php?title=Charta_der_Familienrechte_(Wortlaut)\" target=\"_blank\" rel=\"noopener noreferrer\">kathpedia.com\/&#8230; Charta_der_Familienrechte_(Wortlaut)<\/a> <em>(Archiv-Version)<\/em><\/span><\/li>\n<\/ul>\n<p><em>24.03.2019<\/em><br \/>\nDie Stadt <em>\u015awidnik<\/em> unterzeichnet als 1. Gemeinde eine Resolution, in der die \u201eLGBT-Ideologie\u201c abgelehnt wird.<\/p>\n<ul>\n<li><span style=\"font-size: 10pt;\"><a href=\"https:\/\/dorzeczy.pl\/kraj\/98001\/Powiat-swidnicki-wolny-od-ideologii-LGBT-Rada-Powiatu-przyjela-uchwale.html\" target=\"_blank\" rel=\"noopener noreferrer\">dorzeczy.pl\/&#8230;\/Powiat-swidnicki-wolny-od-ideologii-LGBT-Rada-Powiatu-przyjela-uchwale.html<\/a><\/span><\/li>\n<\/ul>\n<p style=\"text-align: justify;\"><em>25.04.2019<\/em><br \/>\nDer Vorsitzende der Regierungspartei PiS, <a href=\"https:\/\/de.wikipedia.org\/wiki\/Jaros%C5%82aw_Kaczy%C5%84ski\" target=\"_blank\" rel=\"noopener noreferrer\"><em>Jaroslaw Kaczynski<\/em><\/a>, bezeichnet auf einer von der <a href=\"https:\/\/de.wikipedia.org\/wiki\/Katholische_Aktion\" target=\"_blank\" rel=\"noopener noreferrer\">katholischen Aktion<\/a> der Di\u00f6zese W\u0142oc\u0142awek veranstalteten Konferenz\u00a0Homosexuelle, die Gender-Forschung und die Fr\u00fchsexualisierung von Kindern als eine Bedrohung f\u00fcr das Land. Durch sie werde \u201e<em>die polnische Identit\u00e4t, die Nation, deren Existenz und damit auch der polnische Staat<\/em>\u201c bedroht, sagte er laut Nachrichtenagentur AFP.<\/p>\n<ul>\n<li><span style=\"font-size: 10pt;\"><a href=\"https:\/\/www.portalwloclawek.pl\/wiadomosci\/986,prezes-pis-jaroslaw-kaczynski-i-czolowy-dziennikarz-tvp-pojawili-sie-dzis-we-wloclawku\" target=\"_blank\" rel=\"noopener noreferrer\">portalwloclawek.pl\/&#8230;\/..,prezes-pis-jaroslaw-kaczynski-i-czolowy-dziennikarz-tvp-pojawili-sie-dzis-we-wloclawku<\/a><\/span><\/li>\n<\/ul>\n<p><em>26.04.2019<\/em><br \/>\nDer Rat der Poviat <em>\u0141owicz<\/em> unterzeichnet als 1. Gemeinde die Charta der Familienrechte.<\/p>\n<ul>\n<li><span style=\"font-size: 10pt;\"><a href=\"https:\/\/www.salon24.pl\/u\/wiadomoscibiezace\/953182,lowicz-dal-przyklad-jak-dbac-o-rodzine\" target=\"_blank\" rel=\"noopener noreferrer\">salon24.pl\/&#8230;lowicz-dal-przyklad-jak-dbac-o-rodzine<\/a><\/span><\/li>\n<\/ul>\n<p><em>26.06.2019<\/em><br \/>\nDer Rat der Powiat Wielu\u0144ski ratifiziert auf seiner 9. Sitzung die Charta der Familienrechte.<\/p>\n<ul>\n<li><span style=\"font-size: 10pt;\"><a href=\"https:\/\/www.powiat-wielun.finn.pl\/res\/serwisy\/pliki\/21734773?version=1.0\" target=\"_blank\" rel=\"noopener noreferrer\">powiat-wielun.finn.pl\/&#8230;\/21734773&#8230;<\/a><\/span><\/li>\n<\/ul>\n<p><em>17.07.2019<\/em><br \/>\nDer Rat der Gmina Wielu\u0144 unterzeichnet auf seiner 13. Sitzung die Charta der Familienrechte.<\/p>\n<ul>\n<li><span style=\"font-size: 10pt;\"><a href=\"https:\/\/web.archive.org\/web\/20210813045256\/https:\/\/gmwielun.peup.pl\/pobierz.seam?zbior=1&amp;plikId=650609&amp;zalId=611060\" target=\"_blank\" rel=\"noopener noreferrer\">gmwielun.peup.pl\/&#8230;650609&#8230;<\/a> <em>(Archiv-Version)<\/em><\/span><\/li>\n<\/ul>\n<p><em>20.07.2019<\/em><br \/>\nTeilnehmer der Gay-Pride-Parade in <em>Bia\u0142ystok<\/em> werden mit Steinen und B\u00f6llern beworfen.<\/p>\n<ul>\n<li><span style=\"font-size: 10pt;\"><a href=\"https:\/\/www.welt.de\/vermischtes\/article197189981\/Bialystok-Polen-Hooligans-bewerfen-Gay-Pride-Parade-mit-Steinen.html\" target=\"_blank\" rel=\"noopener noreferrer\">welt.de\/&#8230;\/Bialystok-Polen-Hooligans-bewerfen-Gay-Pride-Parade-mit-Steinen&#8230;<\/a><\/span><\/li>\n<\/ul>\n<p><em>18.07.2019<\/em><br \/>\nAls Reaktion auf den angek\u00fcndigten Aufkleber von <a href=\"https:\/\/pl.wikipedia.org\/wiki\/Gazeta_Polska_(tygodnik)\" target=\"_blank\" rel=\"noopener noreferrer\"><em>Gazeta Polska<\/em><\/a> ver\u00f6ffentlicht die Kampania Przeciw Homofobii ihren Aufkleber \u201eStrefa wolna od nienawi\u015bci\u201c (Hassfreie Zone, <span style=\"font-size: 10pt;\">in der Titel-Collage oben rechts<\/span>).<\/p>\n<ul>\n<li><span style=\"font-size: 10pt;\"><a href=\"https:\/\/kph.org.pl\/naklejka-strefa-wolna-od-nienawisci-moze-byc-twoja\/\" target=\"_blank\" rel=\"noopener noreferrer\">kph.org.pl\/naklejka-strefa-wolna-od-nienawisci-moze-byc-twoja<\/a><\/span><\/li>\n<\/ul>\n<p><em>24.07.2019<\/em><br \/>\nEin Aufkleber \u201eLGBT-freie Zone\u201c <span style=\"font-size: 10pt;\">(siehe auch in der Titel-Collage oben links)<\/span> wird der <em>Gazeta Polska<\/em> beigelegt. Das wird am 25.07. vom Warschauer Landgericht nach der Klage eines LGBTI-Aktivisten untersagt.<\/p>\n<ul>\n<li><span style=\"font-size: 10pt;\"><a href=\"https:\/\/www.gazetapolska.pl\/\" target=\"_blank\" rel=\"noopener noreferrer\">gazetapolska.pl<\/a><\/span><\/li>\n<li><span style=\"font-size: 10pt;\"><a href=\"https:\/\/www.maenner.media\/gesellschaft\/ausland\/lgbt-freie-zone-sticker-polen\/\" target=\"_blank\" rel=\"noopener noreferrer\">maenner.media\/&#8230;\/lgbt-freie-zone-sticker-polen<\/a><\/span><\/li>\n<li><span style=\"font-size: 10pt;\"><a href=\"https:\/\/www.queer.de\/detail.php?article_id=34131\" target=\"_blank\" rel=\"noopener noreferrer\">queer.de\/&#8230;article_id=34131<\/a><\/span><\/li>\n<\/ul>\n<p><em>01.08.2019<\/em><br \/>\n<a href=\"https:\/\/pl.wikipedia.org\/wiki\/Marek_J%C4%99draszewski\" target=\"_blank\" rel=\"noopener noreferrer\"><em>Marek J\u0119draszewski<\/em><\/a>, Erzbischof von Krakau und stellvertretender Vorsitzender der polnischen Bischofskonferenz, spricht in einer Predigt zum 75. Jahrestages des Beginns des Warschauer Aufstandes von einer &#8220;<em>neomarxistischen Seuche in den Farben des Regenbogens<\/em>&#8220;.<\/p>\n<ul>\n<li><span style=\"font-size: 10pt;\"><a href=\"https:\/\/www.noek.info\/nachrichten\/ostmitteleuropa\/19-polen\/1222-polen-krakauer-erzbischof-warnt-vor-regenbogen-seuche\" target=\"_blank\" rel=\"noopener noreferrer\">noek.info\/&#8230;-polen-krakauer-erzbischof-warnt-vor-regenbogen-seuche<\/a><\/span><\/li>\n<li><span style=\"font-size: 10pt;\"><a href=\"https:\/\/www.deutschlandfunk.de\/proteste-gegen-erzbischof-homophobie-in-polnischer-kirche.886.de.html?dram:article_id=455687\" target=\"_blank\" rel=\"noopener noreferrer\">deutschlandfunk.de\/proteste-gegen-erzbischof-homophobie-in-polnischer-kirche&#8230;<\/a><\/span><\/li>\n<\/ul>\n<p>oder auch bei einer Messe im Juni 2019 anl\u00e4sslich des 40. Jahrestages des Besuchs von Johannes Paul II. in <em>Nowy Targ<\/em>:<\/p>\n<p style=\"text-align: justify; padding-left: 30px; padding-right: 30px;\"><em>&#8220;Die Unterminierung des Ehe- und Familienlebens geht heute noch tiefer. Sie versucht, die Institution der Ehe als einer Gemeinschaft von Frauen und M\u00e4nnern selbst zu untergraben. Dar\u00fcber hinaus beginnt dies bereits bei der Bildung, oder besser gesagt: die Verderbtheit von Kindern und Jugendlichen beginnt durch die Einf\u00fchrung so genannter LGBT-Erkl\u00e4rungen in Schulen durch einige polnische Kommunalverwaltungen. Das liegt, wie wir alle wissen, an der Gender-Ideologie, nach der die Geschlechterfrage eines Menschen nicht in erster Linie mit seiner biologischen Struktur zusammenh\u00e4ngt, sondern haupts\u00e4chlich kultureller Natur ist und von seiner pers\u00f6nlichen Entscheidung abh\u00e4ngt.&#8221;<\/em><br \/>\n<span style=\"font-size: 10pt;\"><a href=\"https:\/\/web.archive.org\/web\/20190612175158\/http:\/\/www.nowytarg.pl:80\/news.php?cod=10341\" target=\"_blank\" rel=\"noopener noreferrer\">nowytarg.pl\/&#8230; 10341<\/a> &#8211; Keine Gew\u00e4hr f\u00fcr die f\u00fcr die Richtigkeit und Vollst\u00e4ndigkeit der \u00dcbersetzung<\/span><\/p>\n<p><em>20.08.2019<\/em><br \/>\nDer Rechtswissenschaftler <a href=\"https:\/\/pl.wikipedia.org\/wiki\/Dawid_Sze%C5%9Bci%C5%82o\" target=\"_blank\" rel=\"noopener noreferrer\"><em>Dr. David Sze\u015bci\u0142o<\/em><\/a> legt eine Stellungnahme f\u00fcr <a href=\"https:\/\/www.handelsblatt.com\/unternehmen\/dienstleister\/ns-vergangenheit-georg-bergers-zwei-preistraeger-lehnen-roland-berger-preis-ab\/25132994.html\" target=\"_blank\" rel=\"noopener noreferrer\"><em>Adam Bodnar<\/em><\/a>, dem polnischen Beauftragten f\u00fcr B\u00fcrgerrechte (Rzecznik Praw Obywatelskich, RPO) vor, in dem er die rechtliche Zul\u00e4ssigkeit der Resolution zur Unterdr\u00fcckung der LGBT-Ideologie einsch\u00e4tzt.<\/p>\n<ul>\n<li><span style=\"font-size: 10pt;\"><a href=\"https:\/\/www.rpo.gov.pl\/pl\/content\/opinia-w-sprawie-dopuszczalnosci-zaskarzenia-przez-rzecznika-praw-obywatelskich-uchwal-samorzadow\" target=\"_blank\" rel=\"noopener noreferrer\">rpo.gov.pl\/&#8230;\/opinia-w-sprawie-dopuszczalnosci-zaskarzenia-przez-rzecznika-praw-obywatelskich-uchwal-samorzadow\u00a0<\/a><\/span><\/li>\n<li><span style=\"font-size: 10pt;\"><a href=\"https:\/\/www.rpo.gov.pl\/en\" target=\"_blank\" rel=\"noopener noreferrer\">rpo.gov.pl\/en<\/a><\/span><\/li>\n<\/ul>\n<p><em>27.11.2019<\/em><br \/>\nDer Atlas des Hasses (Atlas nienawi\u015bci) von <em>Jakub Gawron, Paulina Paj\u0105k <\/em>und<em> Pawe\u0142 Preneta<\/em> wird ver\u00f6ffentlicht.<\/p>\n<ul>\n<li><span style=\"font-size: 10pt;\"><a href=\"https:\/\/atlasnienawisci.pl\/\" target=\"_blank\" rel=\"noopener noreferrer\">atlasnienawisci.pl<\/a><\/span><\/li>\n<li><a href=\"https:\/\/mannschaft.com\/kaempferinnen-gegen-lgbt-freie-zonen-muessen-vor-gericht\/\" target=\"_blank\" rel=\"noopener\"><span style=\"font-size: 10pt;\">mannschaft.com\/kaempferinnen-gegen-lgbt-freie-zonen-muessen-vor-gericht\/<\/span><\/a><\/li>\n<\/ul>\n<p><em>15.12.2019<\/em><br \/>\nDie franz\u00f6sische Gemeinde\u00a0<em>Saint Jean-de-Braye<\/em> beendet nach 25 Jahren ihre Partnerschaft mit\u00a0<em>Tuch\u00f3w<\/em>, deren Rat die SKPR unterzeichnet hatte.<\/p>\n<ul>\n<li><span style=\"font-size: 10pt;\"><a href=\"https:\/\/wiadomosci.onet.pl\/swiat\/francuska-gmina-zrywa-partnerstwo-z-tuchowem-powodem-uchwala-o-lgbt\/wqc90cs\" target=\"_blank\" rel=\"noopener noreferrer\">wiadomosci.onet.pl\/swiat\/francuska-gmina-zrywa-partnerstwo-z-tuchowem-powodem-uchwala-o-lgbt\/&#8230;<\/a><\/span><\/li>\n<\/ul>\n<p><em>18.12.2019<\/em><br \/>\nDas Europaparlament beschlie\u00dft eine Resolution, in der es \u201eLGBTI-freie Zonen\u201c in Polen nachdr\u00fccklich verurteilt.<\/p>\n<ul>\n<li><span style=\"font-size: 10pt;\"><a href=\"https:\/\/www.europarl.europa.eu\/news\/en\/press-room\/20191212IPR68923\/parliament-strongly-condemns-lgbti-free-zones-in-poland\" target=\"_blank\" rel=\"noopener noreferrer\">europarl.europa.eu\/&#8230;\/parliament-strongly-condemns-lgbti-free-zones-in-poland<\/a><\/span><\/li>\n<\/ul>\n<p><em>18.12.2019<\/em><br \/>\nDer Ausschusses f\u00fcr Bildung und Sicherheit des Rates der Powiat Wielu\u0144ski nimmt auf seiner 14. Sitzung den Beschluss zur Umsetzung der <em>SKPR<\/em> zur Kenntnis.<\/p>\n<ul>\n<li><span style=\"font-size: 10pt;\"><a href=\"https:\/\/www.powiat-wielun.finn.pl\/bipkod\/19696930\" target=\"_blank\" rel=\"noopener noreferrer\">powiat-wielun.finn.pl\/&#8230;\/19696930<\/a><\/span><\/li>\n<\/ul>\n<p><em>28.01.2020<\/em><br \/>\nDie Woiwodschaft <em>\u0141\u00f3d\u017a<\/em> unterzeichnet die Charta der Familienrechte.<\/p>\n<ul>\n<li><span style=\"font-size: 10pt;\"><a href=\"https:\/\/bip.lodzkie.pl\/files\/684\/druk_nr_5.7.pdf\" target=\"_blank\" rel=\"noopener noreferrer\">bip.lodzkie.pl\/&#8230;\/druk_nr_5.7.pdf<\/a><\/span><\/li>\n<li><span style=\"font-size: 10pt;\"><a href=\"https:\/\/www.portalsamorzadowy.pl\/komunikacja-spoleczna\/lodzkie-z-samorzadowa-karta-praw-rodziny,149147.html\" target=\"_blank\" rel=\"noopener noreferrer\">portalsamorzadowy.pl\/&#8230;\/lodzkie-z-samorzadowa-karta-praw-rodziny&#8230;<\/a><\/span><\/li>\n<\/ul>\n<p><em>26.02.2020<\/em><br \/>\nDas Webmagazin OKO.Press ruft 52 EU-Partnerst\u00e4dte und Regionen in einem Schreiben zum Abbruch der Verbindung zu den jeweiligen polnischen St\u00e4dten auf.<\/p>\n<ul>\n<li><span style=\"font-size: 10pt;\"><a href=\"https:\/\/oko.press\/sztum-jest-dla-wszystkich\/\" target=\"_blank\" rel=\"noopener noreferrer\">oko.press\/sztum-jest-dla-wszystkich<\/a><\/span><\/li>\n<li>Petition: <span style=\"font-size: 10pt;\"><a href=\"https:\/\/action.allout.org\/de\/a\/to-poland-with-love\/\" target=\"_blank\" rel=\"noopener noreferrer\">action.allout.org\/&#8230;\/to-poland-with-love\/<\/a><\/span><\/li>\n<\/ul>\n<p><em>Anfang M\u00e4rz 2020<\/em><br \/>\nDas Ordo Iuris-Institut h\u00e4lt gemeinsam mit Vertretern einiger im \u201eAtlas des Hasses\u201c eingezeichneten Gemeinden eine Pressekonferenz ab, auf der eine Klage gegen die Autoren des Atlas wegen Verleumdung angek\u00fcndigt wird.<\/p>\n<ul>\n<li><span style=\"font-size: 10pt;\"><a href=\"https:\/\/www.youtube.com\/watch?v=g01YmZnuApM\" target=\"_blank\" rel=\"noopener noreferrer\">youtube.com\/watch?v=g01YmZnuApM<\/a><\/span><\/li>\n<li><span style=\"font-size: 10pt;\"><a href=\"https:\/\/visegradpost.com\/de\/2020\/03\/14\/die-polnischen-gebietskoerperschaften-verteidigen-ihr-recht-familienfreundlich-zu-sein\/\" target=\"_blank\" rel=\"noopener noreferrer\">visegradpost.com\/&#8230;\/die-polnischen-gebietskoerperschaften-verteidigen-ihr-recht-familienfreundlich-zu-sein<\/a><\/span><\/li>\n<\/ul>\n<p><em>Anfang M\u00e4rz 2020<\/em><br \/>\nDer B\u00fcrgermeister der franz\u00f6sischen Stadt <a href=\"https:\/\/de.wikipedia.org\/wiki\/Estaires\" target=\"_blank\" rel=\"noopener noreferrer\"><em>Estaires<\/em><\/a>, die seit 2017 ein Kooperationsabkommen mit Wielu\u0144 unterh\u00e4lt, \u00e4u\u00dfert tiefe Besorgnis bez\u00fcglich der Unterzeichnung der Charta durch den polnischen Partner. Sinngem\u00e4\u00dfes Zitat: &#8220;<em>Die Angelegenheit wurde gekl\u00e4rt, die Partnerschaft wird fortgesetzt<\/em>&#8221;<\/p>\n<ul>\n<li>Presse: <span style=\"font-size: 10pt;\"><a href=\"https:\/\/web.archive.org\/web\/20201005023715\/https:\/\/wielun.naszemiasto.pl\/lgbt-a-sprawa-wielunsko-francuska-partnerstwo-powiatu-z\/ar\/c1-7577293\" target=\"_blank\" rel=\"noopener noreferrer\">wielun.naszemiasto.pl\/lgbt-a-sprawa-wielunsko-francuska-partnerstwo-powiatu-&#8230;<\/a><\/span><\/li>\n<\/ul>\n<p><em>10.03.2020<\/em><br \/>\nErkl\u00e4rung des Botschafters der Republik Polen,<a href=\"https:\/\/de.wikipedia.org\/wiki\/Andrzej_Przy%C5%82%C4%99bski\" target=\"_blank\" rel=\"noopener noreferrer\"><em> Andrzej Przy\u0142\u0119bski<\/em><\/a>, zu sog. \u201eLGBT-freien Zonen in Polen\u201c.<\/p>\n<ul>\n<li><span style=\"font-size: 10pt;\"><a href=\"https:\/\/www.gov.pl\/web\/deutschland\/erklrung-des-botschafters-der-republik-polen-prof-andrzej-przylebski-zu-sog-lgbt-freien-zonen-in-polen\" target=\"_blank\" rel=\"noopener noreferrer\">gov.pl\/&#8230;\/erklaerung-des-botschafters-der-republik-polen-prof-andrzej-przylebski-zu-sog-lgbt-freien-zonen-in-polen<\/a><\/span><\/li>\n<\/ul>\n<p><em>10.06.2020<\/em><br \/>\nStaatspr\u00e4sident Duda stellt eine &#8220;Familien-Charta&#8221; (Karta rodziny) als Wahlmanifest f\u00fcr eine zweite Amtszeit vor, die in weiten Passagen mit der SKPR \u00fcbereinstimmt.<\/p>\n<ul>\n<li><span style=\"font-size: 10pt;\"><a href=\"https:\/\/web.archive.org\/web\/20201029162612\/https:\/\/www.tvp.info\/48463041\/wsparcie-rodziny-ochrona-malzenstwa-dzieci-i-emerytow-co-zaklada-karta-rodziny\" target=\"_blank\" rel=\"noopener noreferrer\">tvp.info\/&#8230;\/wsparcie-rodziny-ochrona-malzenstwa-dzieci-i-emerytow-co-zaklada-karta-rodziny<\/a><\/span><\/li>\n<li><span style=\"font-size: 10pt;\"><a href=\"https:\/\/oko.press\/karta-rodziny-dudy-czyli-homofobia-plus\/\" target=\"_blank\" rel=\"noopener noreferrer\">oko.press\/karta-rodziny-dudy-czyli-homofobia-plus<\/a><\/span><\/li>\n<li><span style=\"font-size: 10pt;\"><a href=\"https:\/\/oko.press\/sprawdzamy-co-sie-stalo-z-deklaracja-lgbt\/\" target=\"_blank\" rel=\"noopener noreferrer\">oko.press\/sprawdzamy-co-sie-stalo-z-deklaracja-lgbt<\/a><\/span><\/li>\n<\/ul>\n<p><em>10.06.2020<\/em><br \/>\nDer Stadtrat von Wielu\u0144 verleiht <a href=\"https:\/\/de.wikipedia.org\/wiki\/Andrzej_Duda\" target=\"_blank\" rel=\"noopener noreferrer\"><em>Andrzej Duda<\/em><\/a> die Ehrenb\u00fcrgerw\u00fcrde. In seiner Rede w\u00e4hrend des Festaktes betonte Duda, er wolle den Schutz vor feindlichen Ideologien garantieren, die die traditionelle Familie ver\u00e4ndern und verzerren wollen und eine andere Welt errichten wollen, die im Gegensatz zu den polnischen Traditionen steht.<\/p>\n<ul>\n<li><span style=\"font-size: 10pt;\"><a href=\"https:\/\/web.archive.org\/web\/20210924031700\/https:\/\/www.prezydent.pl\/aktualnosci\/wizyty-krajowe\/art,493,andrzej-duda-honorowym-obywatelem-wielunia.html\" target=\"_blank\" rel=\"noopener noreferrer\">prezydent.pl\/aktualnosci\/&#8230; andrzej-duda-honorowym-obywatelem-wielunia<\/a><\/span><\/li>\n<li><span style=\"font-size: 10pt;\"><a href=\"https:\/\/wiadomosci.gazeta.pl\/wiadomosci\/7,114884,26022646,duda-chce-chronic-rodzine-przed-wrogimi-ideologiami-pyta-kontrkandydatow.html\" target=\"_blank\" rel=\"noopener noreferrer\">wiadomosci.gazeta.pl\/&#8230;duda-chce-chronic-rodzine-przed-wrogimi-ideologiami-pyta-kontrkandydatow<\/a><\/span><\/li>\n<\/ul>\n<p><em>11.06.2020<\/em><br \/>\nDer Rat des Flecken Adelebsen beauftragt B\u00fcrgermeister <em>Holger Frase<\/em> mit der Abfassung eines Briefes an die Partnergemeinde Wielu\u0144, mit dem Fragen zur Unterzeichnung der SKPR gekl\u00e4rt werden sollen.<br \/>\n<span style=\"font-size: 10pt;\">&#8211; Ank\u00fcndigung der Ratssitzung auf der Webseite des Ortsverband Adelebsen von B\u00fcndnis 90\/Die Gr\u00fcnen, in der allerdings f\u00e4lschlich behauptet wird, Wielu\u0144 habe die Resolution zur \u201eLGBT-ideologiefreien Zone\u201c unterzeichnet: <a href=\"https:\/\/web.archive.org\/web\/20200818132254\/http:\/\/gruene-adelebsen.de\/\" target=\"_blank\" rel=\"noopener noreferrer\">gruene-adelebsen.de<\/a> &#8211; sowie ein kleiner Hinweis auf die Veranstaltungsreihe <a href=\"https:\/\/web.archive.org\/web\/20210411065743\/https:\/\/www.adelebsen.de\/seite\/485151\/demokratie.html\" target=\"_blank\" rel=\"noopener noreferrer\">Adelebsen ist bunt!<\/a> vom 2. bis 18. 11. 2020.<\/span><\/p>\n<p><em>Brief von B\u00fcrgermeister Frase vom 5.10.2020 an seinen Amtskollegen in Wielu\u0144, B\u00fcrgermeister Okrasa:<\/em><br \/>\n<div class=\"wp-block-pdfemb-pdf-embedder-viewer\"><a href=\"https:\/\/partnerschaftsverein-adelebsen.de\/wp-content\/uploads\/2020\/10\/Schreiben-an-die-Stadt-Wielun.pdf\" class=\"pdfemb-viewer\" style=\"\" data-width=\"max\" data-height=\"max\" data-toolbar=\"both\" data-toolbar-fixed=\"on\">Schreiben von B\u00fcrgermeister Frase an die Stadt Wielun<\/a><\/div><\/p>\n<p style=\"text-align: justify;\"><em>14.07.2020<br \/>\n<\/em>Das <a href=\"https:\/\/pl.wikipedia.org\/wiki\/Wojew%C3%B3dzki_s%C4%85d_administracyjny\" target=\"_blank\" rel=\"noopener noreferrer\"><em>Wojew\u00f3dzki S\u0105d Administracyjny<\/em><\/a> (Provinzverwaltungsgericht) der Woiwodschaft Schlesien in Gliwice entscheidet, dass die Resolution des Gemeinderates von Istebna gegen die &#8220;LGBT-Ideologie&#8221; nicht mit den Verwaltungsbestimmungen und der Verfassung vereinbar ist, insbesondere nicht mit Art. 32, der das Verbot von Diskriminierung regelt. Am 16. Juli 2020 wird eine \u00e4hnliche Entscheidung vom WSA der Woiwodschaft Masowien in Radom im Fall gegen die Gemeinde Klw\u00f3w getroffen.<\/p>\n<ul>\n<li><span style=\"font-size: 10pt;\"><a href=\"https:\/\/www.rpo.gov.pl\/pl\/content\/wsa-w-gliwicach-uniewasni%C5%82-uchwale-antylgbt-rady-gminy-istebna\" target=\"_blank\" rel=\"noopener noreferrer\">rpo.gov.pl\/&#8230;\/wsa-w-gliwicach-uniewasni\u0142-uchwale-antylgbt-rady-gminy-istebna<\/a><\/span><\/li>\n<li><span style=\"font-size: 10pt;\"><a href=\"https:\/\/oko.press\/przelom-po-skargach-rpo-sady-uniewazniaja-dwie-pierwsze-uchwaly-anty-lgbt\/\" target=\"_blank\" rel=\"noopener noreferrer\">oko.press\/przelom-po-skargach-rpo-sady-uniewazniaja-dwie-pierwsze-uchwaly-anty-lgbt<\/a><\/span><\/li>\n<li><span style=\"font-size: 10pt;\"><a href=\"https:\/\/www.faz.net\/aktuell\/politik\/ausland\/gerichte-in-polen-kippen-lgbt-beschluesse-16865594.html\" target=\"_blank\" rel=\"noopener noreferrer\">faz.net\/aktuell\/&#8230;\/gerichte-in-polen-kippen-lgbt-beschluesse&#8230;<\/a><\/span><\/li>\n<\/ul>\n<p style=\"text-align: justify;\"><em>27.07.2020<br \/>\n<\/em>Der polnische Justizminister <a href=\"https:\/\/de.wikipedia.org\/wiki\/Zbigniew_Ziobro\" target=\"_blank\" rel=\"noopener noreferrer\">Z<em>bigniew Ziobro<\/em><\/a> schl\u00e4gt dem Familienministerium den Austritt aus der <a href=\"https:\/\/de.wikipedia.org\/wiki\/%C3%9Cbereinkommen_des_Europarats_zur_Verh%C3%BCtung_und_Bek%C3%A4mpfung_von_Gewalt_gegen_Frauen_und_h%C3%A4uslicher_Gewalt\" target=\"_blank\" rel=\"noopener noreferrer\">Istanbul-Konvention<\/a> gegen h\u00e4usliche Gewalt vor, da diese sch\u00e4dliche Bestimmungen ideologischer Natur enthalte, und versuche, einen sozio-kulturellen Geschlechterbegriff an die Stelle des biologischen Geschlechterbegriffs zu stellen. Kinder m\u00fcssten nach der Konvention \u00fcber Homosexualit\u00e4t aufgekl\u00e4rt werden. \u201e<em>Dies ist ein Ansatz, der haupts\u00e4chlich von der Linken und dem homosexuellen Umfeld unterst\u00fctzt wird<\/em>\u201c.<\/p>\n<ul>\n<li><span style=\"font-size: 10pt;\"><a href=\"https:\/\/www.pap.pl\/en\/news\/news%2C689006%2Cjustice-ministry-calls-rejecting-anti-violence-deal.html\" target=\"_blank\" rel=\"noopener noreferrer\">pap.pl\/&#8230;justice-ministry-calls-rejecting-anti-violence-deal<\/a><\/span><\/li>\n<li><span style=\"font-size: 10pt;\"><a href=\"https:\/\/www.welt.de\/politik\/ausland\/article212290393\/Istanbul-Konvention-Polen-stellt-Gesetze-gegen-Gewalt-an-Frauen-infrage.html\" target=\"_blank\" rel=\"noopener noreferrer\">welt.de\/&#8230;\/Istanbul-Konvention-Polen-stellt-Gesetze-gegen-Gewalt-an-Frauen-infrage<\/a><\/span><\/li>\n<li><span style=\"font-size: 10pt;\"><a href=\"https:\/\/www.zeit.de\/politik\/ausland\/2020-07\/istanbul-konvention-polen-austritt-abkommen-frauenrechte-europarat\" target=\"_blank\" rel=\"noopener noreferrer\">zeit.de\/&#8230;\/istanbul-konvention-polen-austritt-abkommen-frauenrechte-europarat<\/a><\/span><\/li>\n<li><span style=\"font-size: 10pt;\"><a href=\"https:\/\/www.aa.com.tr\/en\/europe\/poland-prepares-to-withdraw-from-istanbul-convention\/1922847#\" target=\"_blank\" rel=\"noopener noreferrer\">www.aa.com.tr\/&#8230;\/poland-prepares-to-withdraw-from-istanbul-convention\/&#8230;<\/a><\/span><\/li>\n<li><span style=\"font-size: 10pt;\"><a href=\"https:\/\/web.archive.org\/web\/20201113071902\/https:\/\/www.bmfsfj.de\/blob\/122280\/cea0b6854c9a024c3b357dfb401f8e05\/gesetz-zu-dem-uebereinkommen-zur-bekaempfung-von-gewalt-gegen-frauen-istanbul-konvention-data.pdf\" target=\"_blank\" rel=\"noopener noreferrer\">bmfsfj.de: Gesetz-zu-dem-uebereinkommen-zur-bekaempfung-von-gewalt-gegen-frauen-istanbul-konvention.pdf<\/a><\/span><\/li>\n<li><span style=\"font-size: 10pt;\">Bericht des B\u00fcrgerbeauftragten an <a href=\"https:\/\/www.coe.int\/en\/web\/istanbul-convention\/grevio\" target=\"_blank\" rel=\"noopener noreferrer\">GREVIO<\/a>: <a href=\"https:\/\/web.archive.org\/web\/20201201231153\/https:\/\/www.rpo.gov.pl\/pl\/content\/pytania-i-odpowiedzi-konwencja-stambulska-raport-rpo-dla-grevio\" target=\"_blank\" rel=\"noopener noreferrer\">rpo.gov.pl\/&#8230;\/pytania-i-odpowiedzi-konwencja-stambulska-raport-rpo-dla-grevio<\/a> (am 1.12.2020 archivierte Version bei archive.org)<\/span><\/li>\n<\/ul>\n<p style=\"text-align: justify;\"><em>28.08.2020<\/em><br \/>\nAuf der Vollversammlung der polnischen Bischofskonferenz wird eine Erkl\u00e4rung mit dem Titel &#8220;Die Position der polnischen Bischofskonferenz zu LGBT+ -Problemen&#8221; verabschiedet. Das Dokument ist 27 Seiten lang und besteht aus folgenden Kapiteln: 1. Sexualit\u00e4t von M\u00e4nnern und Frauen in der christlichen Vision des Mannes, 2. Die LGBT+-Bewegungen in einer demokratischen Gesellschaft, 3. LGBT+-Menschen in der katholischen Kirche und 4. Die Kirche zur Position der LGBT+-Bewegung zur sexuellen Aufkl\u00e4rung von Kindern und Jugendlichen. Es wird unter anderem die These vertreten, dass Homosexualit\u00e4t heilbar sei.<\/p>\n<ul>\n<li style=\"text-align: justify;\"><a href=\"https:\/\/web.archive.org\/web\/20231225094614\/https:\/\/episkopat.pl\/wp-content\/uploads\/2020\/08\/Stanowisko-Konferencji-Episkopatu-Polski-w-kwestii-LGBT.pdf\" target=\"_blank\" rel=\"noopener noreferrer\"><span style=\"font-size: 10pt;\">episkopat.pl\/wp-content\/&#8230;\/Stanowisko-Konferencji-Episkopatu-Polski-w-kwestii-LGBT.pdf<\/span><\/a> und<\/li>\n<li style=\"text-align: justify;\"><a href=\"https:\/\/www.niedziela.pl\/download\/dokumenty\/Stanowisko-Konferencji-Episkopatu-Polski-w-kwestii-LGBT.pdf\" target=\"_blank\" rel=\"noopener noreferrer\"><span style=\"font-size: 10pt;\">niedziela.pl\/download\/&#8230;\/Stanowisko-Konferencji-Episkopatu-Polski-w-kwestii-LGBT.pdf<\/span><\/a><\/li>\n<li style=\"text-align: justify;\"><a href=\"https:\/\/www.niedziela.pl\/artykul\/57449\/Stanowisko-Episkopatu-w-kwestii-LGBT\" target=\"_blank\" rel=\"noopener noreferrer\"><span style=\"font-size: 10pt;\">niedziela.pl\/&#8230;\/Stanowisko-Episkopatu-w-kwestii-LGBT<\/span><\/a><\/li>\n<li style=\"text-align: justify;\"><a href=\"https:\/\/oko.press\/episkopat-o-lgbt-30-najbardziej-antynaukowych-bezdusznych-i-przygnebiajacych-cytatow\/\" target=\"_blank\" rel=\"noopener noreferrer\"><span style=\"font-size: 10pt;\">oko.press\/episkopat-o-lgbt-30-najbardziej-antynaukowych-bezdusznych-i-przygnebiajacych-cytatow<\/span><\/a><\/li>\n<li style=\"text-align: justify;\"><a href=\"https:\/\/hpd.de\/artikel\/polens-bischoefe-halten-homosexualitaet-fuer-heilbar-18537\" target=\"_blank\" rel=\"noopener noreferrer\"><span style=\"font-size: 10pt;\">hpd.de\/&#8230;\/polens-bischoefe-halten-homosexualitaet-fuer-heilbar-&#8230;<\/span><\/a><\/li>\n<\/ul>\n<p style=\"text-align: justify;\"><em>27.09.2020<\/em><br \/>\nDer deutsche Botschafter in Polen, <em><a href=\"https:\/\/de.wikipedia.org\/wiki\/Arndt_Freiherr_Freytag_von_Loringhoven\" target=\"_blank\" rel=\"noopener noreferrer\">Arndt Freytag von Loringhoven<\/a><\/em>, appelliert zusammen mit weiteren Botschaftern aus 50 Staaten sowie Repr\u00e4sentanten \u00fcberstaatlicher Institutionen in einem offenen Brief, den die US-Botschafterin <a href=\"https:\/\/en.wikipedia.org\/wiki\/Georgette_Mosbacher\" target=\"_blank\" rel=\"noopener noreferrer\"><em>Georgette Mosbacher<\/em><\/a> auch auf Twitter ver\u00f6ffentlicht, an Polen, die Rechte von Schwulen, Lesben und anderen sexuellen Minderheiten zu respektieren.<br \/>\nIn dem Schreiben hei\u00dft es unter anderem: \u201e<em>Wir bekr\u00e4ftigen die jedem Individuum innewohnende W\u00fcrde, wie sie in der Allgemeinen Erkl\u00e4rung der Menschenrechte zum Ausdruck kommt. (&#8230;) Die Achtung dieser Grundrechte verpflichtet die Regierungen, (&#8230;) alle B\u00fcrger vor Gewalt und Diskriminierung zu sch\u00fctzen und daf\u00fcr zu sorgen, dass sie Chancengleichheit haben.<\/em>\u201c<\/p>\n<ul>\n<li><span style=\"font-size: 10pt;\"><a href=\"https:\/\/pl.usembassy.gov\/open_letter\/\" target=\"_blank\" rel=\"noopener noreferrer\">pl.usembassy.gov\/open_letter<\/a><\/span><\/li>\n<\/ul>\n<p style=\"text-align: justify;\"><em>28.09.2020<\/em><br \/>\nRegierungschef <em><a href=\"https:\/\/de.wikipedia.org\/wiki\/Mateusz_Morawiecki\" target=\"_blank\" rel=\"noopener noreferrer\">Mateusz Morawiecki<\/a><\/em> kommentiert auf einer Pressekonferenz, die ausl\u00e4ndischen Diplomaten seien Falschmeldungen \u00fcber die Rechte Homosexueller und anderer Minderheiten in Polen aufgesessen: &#8220;<em>Den lieben Botschaftern kann ich nur sagen, dass Toleranz zur polnischen DNA geh\u00f6rt. Dazu gen\u00fcgt ein Blick in die j\u00fcngste und vorvergangene Geschichte. Niemand muss uns in Toleranz unterrichten, da wir eine Nation sind, die sie \u00fcber Jahrhunderte erlernt hat.<\/em>&#8221;<br \/>\nDer stellvertretende Au\u00dfenminister <a href=\"https:\/\/pl.wikipedia.org\/wiki\/Pawe%C5%82_Jab%C5%82o%C5%84ski\" target=\"_blank\" rel=\"noopener noreferrer\">Pawe\u0142 Jab\u0142o\u0144ski<\/a> antwortet auf Twitter, Polen stimme der Botschaft voll und ganz zu und verweist darauf, dass die polnische Verfassung die besondere Rolle der Ehe zwischen Mann und Frau hervorhebe. Das sei keine Diskriminierung, sondern ein Zeichen des Respekts f\u00fcr die Werte, die Polen am Herzen liegen: &#8220;<em>Jeder Mensch genie\u00dft den gleichen Schutz durch das polnische Recht.<\/em>&#8220;<\/p>\n<ul>\n<li><span style=\"font-size: 10pt;\"><a href=\"https:\/\/www.voanews.com\/europe\/poland-rejects-letter-diplomats-urging-tolerance-lgbt-people\" target=\"_blank\" rel=\"noopener noreferrer\">voanews.com\/&#8230;\/poland-rejects-letter-diplomats-urging-tolerance-lgbt-people<\/a><\/span><\/li>\n<li><span style=\"font-size: 10pt;\"><a href=\"https:\/\/twitter.com\/paweljabionski\" target=\"_blank\" rel=\"noopener noreferrer\">twitter.com\/paweljabionski<\/a><\/span><\/li>\n<li><span style=\"font-size: 10pt;\"><a href=\"https:\/\/web.archive.org\/web\/20220817231702\/https:\/\/www.tagesschau.de\/ausland\/botschafter-polen-brief-homophobie-101.html\" target=\"_blank\" rel=\"noopener noreferrer\">tagesschau.de\/&#8230;\/botschafter-polen-brief-homophobie-&#8230;<\/a><\/span><\/li>\n<li><span style=\"font-size: 10pt;\"><a href=\"https:\/\/web.archive.org\/web\/20220811021856\/https:\/\/www.tagesschau.de\/ausland\/polen-botschafter-brief-101.html\" target=\"_blank\" rel=\"noopener noreferrer\">tagesschau.de\/&#8230;\/polen-botschafter-brief-&#8230;<\/a><\/span><\/li>\n<\/ul>\n<p><em>30.09.2020<\/em><br \/>\nNach inoffiziellen Informationen soll <em><a href=\"https:\/\/pl.wikipedia.org\/wiki\/Przemys%C5%82aw_Czarnek\" target=\"_blank\" rel=\"noopener noreferrer\">Przemys\u0142aw Czarnek<\/a><\/em>, einer der dezidiertesten LGBT-Kritiker in Polen, im Rahmen einer Kabinettsumbildung neuer Bildungs- und Wissenschaftsminister werden.<\/p>\n<ul>\n<li><span style=\"font-size: 10pt;\"><a href=\"https:\/\/www.tokfm.pl\/Tokfm\/7,103087,26352796,przemyslaw-czarnek-i-jego-zadziwiajace-deklaracje-towarzyszace.html\" target=\"_blank\" rel=\"noopener noreferrer\">tokfm.pl\/&#8230;,przemyslaw-czarnek-i-jego-zadziwiajace-deklaracje-towarzyszace<\/a><\/span><\/li>\n<\/ul>\n<p><em>30.09.2020<br \/>\n<\/em>Im Bericht der europ\u00e4ischen Kommission \u00fcber die Lage der Rechtsstaatlichkeit in der Europ\u00e4ischen Union 2020 wird die &#8220;Entscheidung bestimmter Regionen, sich zu \u201eLGBTI-freien Zonen\u201c zu erkl\u00e4ren&#8221; kritisiert.<\/p>\n<ul>\n<li><span style=\"font-size: 10pt;\">de Seite 20: <a href=\"https:\/\/eur-lex.europa.eu\/legal-content\/DE\/TXT\/PDF\/?uri=CELEX:52020SC0320\" target=\"_blank\" rel=\"noopener noreferrer\">eur-lex.europa.eu\/&#8230;\/DE\/TXT\/PDF\/?uri=CELEX:52020SC0320<\/a><\/span><\/li>\n<li><span style=\"font-size: 10pt;\">pl Seite 19: <a href=\"https:\/\/eur-lex.europa.eu\/legal-content\/PL\/TXT\/PDF\/?uri=CELEX:52020SC0320\" target=\"_blank\" rel=\"noopener noreferrer\">eur-lex.europa.eu\/&#8230;\/PL\/TXT\/PDF\/?uri=CELEX:52020SC0320<\/a><\/span><\/li>\n<li><span style=\"font-size: 10pt;\">en Seite 17: <a href=\"https:\/\/eur-lex.europa.eu\/legal-content\/EN\/TXT\/PDF\/?uri=CELEX:52020SC0320\" target=\"_blank\" rel=\"noopener noreferrer\">eur-lex.europa.eu\/&#8230;\/EN\/TXT\/PDF\/?uri=CELEX:52020SC0320<\/a><\/span><\/li>\n<\/ul>\n<p style=\"text-align: justify;\"><em>19.10.2020<\/em><br \/>\nPrzemys\u0142aw Czarnek wird vom Pr\u00e4sidenten der Republik Polen in das Amt des <a href=\"https:\/\/pl.wikipedia.org\/wiki\/Ministerstwo_Edukacji_Narodowej\" target=\"_blank\" rel=\"noopener noreferrer\">Ministers f\u00fcr Bildung<\/a>\u00a0und\u00a0<a href=\"https:\/\/pl.wikipedia.org\/wiki\/Ministerstwo_Nauki_i_Szkolnictwa_Wy%C5%BCszego\" target=\"_blank\" rel=\"noopener noreferrer\">Wissenschaft<\/a>\u00a0in der\u00a0<a href=\"https:\/\/pl.wikipedia.org\/wiki\/Drugi_rz%C4%85d_Mateusza_Morawieckiego\" target=\"_blank\" rel=\"noopener noreferrer\">zweiten Regierung Mateusz Morawiecki<\/a> berufen. Seine ersten Verlautbarungen im Amt entsprechen den LGBT-kritischen Positionen, die er bisher vertreten hatte.<\/p>\n<ul>\n<li><span style=\"font-size: 10pt;\"><a href=\"https:\/\/web.archive.org\/web\/20211122222007\/https:\/\/www.tagesschau.de\/ausland\/polen-bildung-schulen-101.html\" target=\"_blank\" rel=\"noopener noreferrer\">tagesschau.de\/&#8230;\/polen-bildung-schulen&#8230;<\/a><\/span><\/li>\n<\/ul>\n<p style=\"text-align: justify;\"><em>21.10.2020<\/em><br \/>\nPapst Franziskus bef\u00fcrwortet in einem Interview in dem Dokumentarfilm &#8220;Francesco&#8221; von <a href=\"https:\/\/de.wikipedia.org\/wiki\/Jewgeni_Afinejewski\" target=\"_blank\" rel=\"noopener noreferrer\"><em>Jewgeni Afinejewski<\/em><\/a> die Unterst\u00fctzung der Kirche f\u00fcr gleichgeschlechtliche Lebenspartnerschaften: \u201eHomosexuelle Menschen haben das Recht darauf, in einer Familie zu sein. Sie sind Kinder Gottes\u201c. Er widerspricht damit der Aussage eines Dokumentes der <a href=\"https:\/\/de.wikipedia.org\/wiki\/Kongregation_f%C3%BCr_die_Glaubenslehre\" target=\"_blank\" rel=\"noopener noreferrer\">Kongregation f\u00fcr die Glaubenslehre<\/a> von 2003:\u00a0<span style=\"font-size: 10pt;\"><em><a href=\"http:\/\/www.vatican.va\/roman_curia\/congregations\/cfaith\/documents\/rc_con_cfaith_doc_20030731_homosexual-unions_ge.html\" target=\"_blank\" rel=\"noopener noreferrer\">ERW\u00c4GUNGEN ZU DEN ENTW\u00dcRFEN EINER RECHTLICHEN ANERKENNUNG DER LEBENSGEMEINSCHAFTEN ZWISCHEN HOMOSEXUELLEN PERSONEN<\/a><\/em><\/span><\/p>\n<ul>\n<li style=\"text-align: justify;\"><a href=\"https:\/\/web.archive.org\/web\/20211006155059\/https:\/\/www.tagesschau.de\/ausland\/papst-homosexuelle-partnerschaft-101.html\" target=\"_blank\" rel=\"noopener noreferrer\"><span style=\"font-size: 10pt;\">tagesschau.de\/&#8230;\/papst-homosexuelle-partnerschaft&#8230;<\/span><\/a><\/li>\n<li style=\"text-align: justify;\"><a href=\"https:\/\/www.faz.net\/aktuell\/politik\/ausland\/papst-franziskus-macht-sich-fuer-homosexuelle-stark-17013950.html\" target=\"_blank\" rel=\"noopener noreferrer\"><span style=\"font-size: 10pt;\">faz.net\/&#8230;\/papst-franziskus-macht-sich-fuer-homosexuelle-stark&#8230;<\/span><\/a><\/li>\n<li style=\"text-align: justify;\"><a href=\"https:\/\/www.welt.de\/debatte\/kommentare\/article218343500\/Franziskus-Seine-Worte-zu-homosexuellen-Partnerschaften-erschuettern-die-Kirche.html\" target=\"_blank\" rel=\"noopener noreferrer\"><span style=\"font-size: 10pt;\">welt.de\/&#8230;\/Franziskus-Seine-Worte-zu-homosexuellen-Partnerschaften-erschuettern-die-Kirche&#8230;<\/span><\/a><\/li>\n<li><a href=\"https:\/\/www.vaticannews.va\/en\/pope\/news\/2020-10\/new-film-documentary-francesco-pope-francis-rome-film-fesival.html\" target=\"_blank\" rel=\"noopener noreferrer\"><span style=\"font-size: 10pt;\">vaticannews.va\/&#8230;\/new-film-documentary-francesco-pope-francis-rome-film-fesival&#8230;<\/span><\/a><\/li>\n<li><a href=\"https:\/\/www.dbk.de\/fileadmin\/redaktion\/veroeffentlichungen\/verlautbarungen\/VE_162.pdf\" target=\"_blank\" rel=\"noopener noreferrer\"><span style=\"font-size: 10pt;\">dbk.de\/&#8230;\/VE_162.pdf<\/span><\/a><\/li>\n<\/ul>\n<p style=\"text-align: justify;\"><em>27.10.2020<\/em><br \/>\nDer <a href=\"https:\/\/www.coe.int\/en\/web\/congress\/home\" target=\"_blank\" rel=\"noopener noreferrer\">Kongress der Gemeinden und Regionen<\/a> des Europarates f\u00fchrt am 2. und 3. November 2020 einen virtuellen Informationsbesuch zur Situation von LGBTI+-Personen in Polen durch. Dieser Besuch erfolgt auf Ersuchen von Mitgliedern des polnischen Parlaments und AktivistInnen aus ganz Europa mit Bezug auf die zunehmenden Angriffe auf LGBTI+-Personen und ihre wachsende Diskriminierung. Die Delegation soll sich mit lokalen Beh\u00f6rden, Politikern, Aktivisten und Vertretern von NGOs austauschen.<\/p>\n<ul>\n<li><a href=\"https:\/\/www.coe.int\/de\/web\/portal\/-\/poland-congress-conducts-remote-fact-finding-mission-on-situation-of-lgbti-\" target=\"_blank\" rel=\"noopener noreferrer\"><span style=\"font-size: 10pt;\">coe.int &#8211; Polen: Kongress f\u00fchrt virtuellen Informationsbesuch zur Situation von LGBTI+-Personen durch<\/span><\/a><\/li>\n<li><a href=\"https:\/\/rm.coe.int\/0900001680a02227\" target=\"_blank\" rel=\"noopener noreferrer\"><span style=\"font-size: 10pt;\">coe.int &#8211; Press Release: Congress conducts a remote fact-finding mission on the situation of LGBTI+ in Poland<\/span><\/a><\/li>\n<\/ul>\n<p style=\"text-align: justify;\"><em>24.06.2021<\/em><br \/>\nBotschafter Andrzej Przylebski\u00a0verteidigt die ungarische Regierung im Redaktionsnetzwerk Deutschland gegen die europ\u00e4ische Kritik am Gesetz \u00fcber den Umgang mit Homosexualit\u00e4t und Transgender-Identit\u00e4t, formuliert als &#8220;Bewerbung&#8221; von Homo- und Transsexualit\u00e4t. Zitat: <em>\u00bbDas Recht des ungarischen Parlaments, Schulkinder vor der Besch\u00e4ftigung mit der homosexuellen Problematik gesetzlich zu sch\u00fctzen, ist evident und unbezweifelbar\u00ab<\/em>. Das habe nichts mit Intoleranz zu tun, geschweige denn mit der Verfolgung Homosexueller oder der Beschr\u00e4nkung ihrer b\u00fcrgerlichen Rechte. Das Gesetz sei seines Wissens auf die Schulausbildung begrenzt und sein Sinn sei, Kinder vor einer &#8220;Fr\u00fchsexualisierung&#8221; zu sch\u00fctzen, sagte Przylebski. <em>\u00bbDen Versuch, das ungarische Volk durch die geplante Beleuchtung des Stadions in M\u00fcnchen w\u00e4hrend des Fu\u00dfballspiels Deutschland-Ungarn anzuprangern, finde ich unangebracht und verletzend\u00ab<\/em>.<\/p>\n<ul>\n<li><span style=\"font-size: 10pt;\"><a href=\"https:\/\/www.rnd.de\/politik\/claudia-roth-fordert-weitergehende-eu-massnahmen-gegen-ungarn-UIDI7ZSV7BGONHVWDDTM66FZ6A.html\" target=\"_blank\" rel=\"noopener\">rnd.de\/politik\/claudia-roth-fordert-weitergehende-eu-massnahmen-gegen-ungarn &#8230;<\/a><\/span><\/li>\n<li><span style=\"font-size: 10pt;\"><a href=\"https:\/\/www.welt.de\/politik\/ausland\/article232053631\/Verletzend-Polen-verteidigt-Ungarn-und-Umgang-mit-Homosexualitaet.html\" target=\"_blank\" rel=\"noopener\">welt.de\/politik\/ausland\/&#8230;\/Verletzend-Polen-verteidigt-Ungarn-und-Umgang-mit-Homosexualitaet<\/a><\/span><\/li>\n<li><span style=\"font-size: 10pt;\"><a href=\"https:\/\/www.spiegel.de\/ausland\/andrzej-przylebski-polnischer-botschafter-verteidigt-ungarns-gesetz-zum-umgang-mit-homosexualitaet-a-c6f7baea-59bb-4d01-8ed2-8a8395ab0be7\" target=\"_blank\" rel=\"noopener\">spiegel.de\/&#8230;\/andrzej-przylebski-polnischer-botschafter-verteidigt-ungarns-gesetz-zum-umgang-mit-homosexualitaet &#8230;<\/a><\/span><\/li>\n<li><span style=\"font-size: 10pt;\"><a href=\"https:\/\/www.queer.de\/detail.php?article_id=39236\" target=\"_blank\" rel=\"noopener\">queer.de\/&#8230;article_id=39236<\/a><\/span><\/li>\n<\/ul>\n<p style=\"text-align: justify;\"><em>15.07.2021<\/em><br \/>\nDie EU-Kommission teilt der polnischen Regierung mit, dass sie ein Vertragsverletzungsverfahren unter anderem wegen der polnischen Resolutionen f\u00fcr <em>\u201eLGBT-Ideologiefreie Zonen\u201c<\/em>\u00a0 (hier: <em>\u201eLGBT-freie Zonen\u201c<\/em>\u00a0) eingeleitet hat<em>. <\/em>Auszug aus der Presserkl\u00e4rung (<a href=\"https:\/\/ec.europa.eu\/commission\/presscorner\/detail\/de\/ip_21_3668\" target=\"_blank\" rel=\"noopener\"><span style=\"font-size: 10pt;\">ec.europa.eu\/commission\/presscorner\/detail\/de\/ip_21_3668<\/span><\/a>) :<\/p>\n<p style=\"text-align: justify;\"><em>&#8220;Seit 2019 haben mehrere polnische Gemeinden und Regionen die Schaffung von \u201eLGBT-freien Zonen\u201c beschlossen. Die Kommission ist besorgt dar\u00fcber, dass diese Erkl\u00e4rungen hinsichtlich der Nichtdiskriminierung aus Gr\u00fcnden der sexuellen Ausrichtung gegen EU-Recht versto\u00dfen k\u00f6nnten. Es ist daher erforderlich, eine detaillierte Analyse der Vereinbarkeit der Erkl\u00e4rungen mit dem EU-Recht durchzuf\u00fchren. F\u00fcr diese Bewertung ben\u00f6tigt die Kommission angemessene und umfassende Informationen von den polnischen Beh\u00f6rden.<\/em><\/p>\n<p style=\"text-align: justify;\"><em>Trotz einer klaren Aufforderung seitens der Kommission im Februar haben die polnischen Beh\u00f6rden die erbetenen Informationen bislang nicht vorgelegt und es offensichtlich vers\u00e4umt, die meisten Anfragen der Kommission zu beantworten. Polen hindert die Kommission somit an der Aus\u00fcbung der ihr durch die Vertr\u00e4ge \u00fcbertragenen Befugnisse und verst\u00f6\u00dft gegen den Grundsatz der loyalen Zusammenarbeit nach\u00a0<a href=\"https:\/\/eur-lex.europa.eu\/legal-content\/DE\/TXT\/?uri=CELEX%3A12012M004\">Artikel 4 Absatz 3 EUV<\/a>, wonach die Mitgliedstaaten loyal mit den Organen der Union zusammenarbeiten m\u00fcssen.<\/em><\/p>\n<p style=\"text-align: justify;\"><em>Daher hat die Kommission beschlossen, Polen ein Aufforderungsschreiben wegen mangelnder Zusammenarbeit zu \u00fcbermitteln.&#8221;<\/em><\/p>\n<ul>\n<li><span style=\"font-size: 10pt;\"><a href=\"https:\/\/ec.europa.eu\/germany\/news\/20210715-ungarn-polen-vertragsverletzungsverfahren_de\" target=\"_blank\" rel=\"noopener\">ec.europa.eu\/&#8230;ungarn-polen-vertragsverletzungsverfahren_de<\/a><\/span><\/li>\n<li><a href=\"https:\/\/www.spiegel.de\/ausland\/eu-leitet-verfahren-gegen-ungarn-und-polen-ein-a-9efb98a2-f0e9-4400-9236-453122d8c4e2\" target=\"_blank\" rel=\"noopener\"><span style=\"font-size: 10pt;\">spiegel.de\/ausland\/eu-leitet-verfahren-gegen-ungarn-und-polen-ein&#8230;<\/span><\/a><\/li>\n<\/ul>\n<p style=\"text-align: justify;\"><em>Januar 2021<\/em><br \/>\nDer Theologieprofessor, Priester und Publizist <a href=\"https:\/\/de.wikipedia.org\/wiki\/Dariusz_Oko\" target=\"_blank\" rel=\"noopener\"><em>Dariusz Oko<\/em><\/a> ver\u00f6ffentlicht einen Artikel unter der \u00dcberschrift &#8220;<em>\u00dcber die Notwendigkeit, homosexuelle Cliquen in der Kirche zu begrenzen<\/em>&#8221; in der Ausgabe Januar\/Februar 2021 der in K\u00f6ln erscheinenden Zeitschrift <a href=\"https:\/\/de.wikipedia.org\/wiki\/Theologisches\" target=\"_blank\" rel=\"noopener\"><em>Theologisches<\/em><\/a>, in dem er scharf gegen homosexuelle Priester urteilt.<br \/>\n<em>Zitat<\/em>: &#8220;Eine solche Homomafia verh\u00e4lt sich wie jede Mafia wie ein r\u00fccksichtsloser Parasit, wie ein Krebsgeschw\u00fcr, das sogar bereit ist, seinen Wirt zu t\u00f6ten, die letzten Ressourcen und Vorr\u00e4te aus ihm herauszusaugen, um seine bequeme Existenz zu sichern&#8221;<\/p>\n<p style=\"text-align: justify;\"><em>April 2021<\/em><br \/>\nDer M\u00fcnchner Priester <em><a href=\"https:\/\/de.wikipedia.org\/wiki\/Wolfgang_F._Rothe\" target=\"_blank\" rel=\"noopener\">Wolfgang F. Rothe<\/a><\/em> stellt Strafanzeige gegen Oko und den Chefredakteur von Theologisches, <a href=\"https:\/\/de.wikipedia.org\/wiki\/Johannes_St%C3%B6hr\" target=\"_blank\" rel=\"noopener\"><em>Johannes St\u00f6hr<\/em><\/a>.<\/p>\n<p style=\"text-align: justify;\"><em>27.\u00a0 Juli 2021<\/em><br \/>\nDas K\u00f6lner Amtsgericht verh\u00e4ngt daraufhin Strafbefehle wegen Volksverhetzung gegen Oko und St\u00f6hr.<\/p>\n<p style=\"text-align: justify;\">Vizejustizminister <a href=\"https:\/\/pl.wikipedia.org\/wiki\/Marcin_Romanowski\" target=\"_blank\" rel=\"noopener\"><em>Marcin Romanowski<\/em><\/a> von der Partei Solidarisches Polen (SP) verurteilt die Strafbefehle scharf und sieht die Meinungsfreiheit in der Bundesrepublik gef\u00e4hrdet.<br \/>\nEr erkenne &#8220;freiheitsfeindliche Tendenzen im deutschen Rechtsschutzsystem&#8221;, sagte der Politiker der Deutschen Presse-Agentur. &#8220;Die Verh\u00e4ngung von Strafen f\u00fcr wissenschaftliche T\u00e4tigkeiten stellt eine Bedrohung der Grundfreiheiten und europ\u00e4ischen Standards dar.&#8221; Das Gericht habe &#8220;die akademische Freiheit mit F\u00fc\u00dfen getreten und gezeigt, dass es die Folterer mehr sch\u00e4tzt als die Opfer&#8221;.<\/p>\n<p style=\"text-align: justify;\">Auch das Zentrum zur Beobachtung der Pressefreiheit (CMWP) eines der beiden polnischen Journalistenverb\u00e4nde, des SDP (<a href=\"https:\/\/pl.wikipedia.org\/wiki\/Stowarzyszenie_Dziennikarzy_Polskich\" target=\"_blank\" rel=\"noopener\"><em>Stowarzyszenie Dziennikarzy Polskich<\/em><\/a>), protestiert &#8220;nachdr\u00fccklich&#8221; gegen die Verurteilung von Prof. Oko: <em><a href=\"https:\/\/cmwp.sdp.pl\/protest-cmwp-sdp-przeciwko-skazaniu-przez-sad-w-niemczech-ks-prof-dariusza-oko\/\" target=\"_blank\" rel=\"noopener\">cmwp.sdp.pl protest-cmwp-sdp-przeciwko-skazaniu-przez-sad-w-niemczech-ks-prof-dariusza-oko<\/a><\/em><br \/>\nLaut der Tageszeitung &#8220;<a href=\"https:\/\/de.wikipedia.org\/wiki\/Gazeta_Wyborcza\" target=\"_blank\" rel=\"noopener\">Gazeta Wyborcza<\/a>&#8221; wird Oko vom Ordo-Iuris-Institut unterst\u00fctzt.<\/p>\n<ul>\n<li><span style=\"font-size: 10pt;\">Ver\u00f6ffentlichung der Streitschrift beim SDP: <a href=\"https:\/\/cmwp.sdp.pl\/wp-content\/uploads\/2021\/07\/2021-Theol-01-und-02-druck-end.pdf\" target=\"_blank\" rel=\"noopener\">cmwp.sdp.pl\/&#8230;\/2021-Theol-01-und-02-druck-end.pdf<\/a><\/span><\/li>\n<li><a href=\"https:\/\/www.katholisch.de\/artikel\/30714-polnischer-theologe-oko-in-koeln-wegen-volksverhetzung-verurteilt\" target=\"_blank\" rel=\"noopener\"><span style=\"font-size: 10pt;\">katholisch.de\/&#8230;polnischer-theologe-oko-in-koeln-wegen-volksverhetzung-verurteilt<\/span><\/a><\/li>\n<li><a href=\"https:\/\/www.sueddeutsche.de\/politik\/katholische-kirche-polen-deutschland-homosexualitaet-1.5366383\" target=\"_blank\" rel=\"noopener\"><span style=\"font-size: 10pt;\">sueddeutsche.de\/politik\/katholische-kirche-polen-deutschland-homosexualitaet&#8230;<\/span><\/a><\/li>\n<li><a href=\"https:\/\/www.queer.de\/detail.php?article_id=38622\" target=\"_blank\" rel=\"noopener\"><span style=\"font-size: 10pt;\">queer.de\/&#8230;article_id=38622<\/span><\/a><\/li>\n<\/ul>\n<p><em>20.09.2021<\/em><br \/>\nDie Region <em>Krakau<\/em> hebt den Status als &#8220;LGBT-ideologiefreie Zone&#8221; auf.<\/p>\n<p><em>22.09.2021<\/em><br \/>\nDas Regionalparlament der <a href=\"https:\/\/de.wikipedia.org\/wiki\/Woiwodschaft_Heiligkreuz\" target=\"_blank\" rel=\"noopener\"><em>Woiwodschaft \u015awi\u0119tokrzyskie<\/em><\/a> beschlie\u00dft in einer Sondersitzung, die Bezeichnung &#8220;LGBT-ideologiefreie Zone&#8221; zu streichen.<\/p>\n<ul>\n<li><a href=\"https:\/\/www.zeit.de\/gesellschaft\/zeitgeschehen\/2021-09\/polen-lgbt-freie-zone-eu-finanzieller-druck-aufhebung-suedpolen\" target=\"_blank\" rel=\"noopener\"><span style=\"font-size: 10pt;\">zeit.de\/&#8230;\/polen-lgbt-freie-zone-eu-finanzieller-druck-aufhebung-suedpolen<\/span><\/a><\/li>\n<li><a href=\"https:\/\/www.spiegel.de\/ausland\/polen-region-im-sueden-hebt-status-als-lgbt-freie-zone-auf-a-54506447-a45d-450b-9472-d8db4b237265\" target=\"_blank\" rel=\"noopener\"><span style=\"font-size: 10pt;\">spiegel.de\/ausland\/polen-region-im-sueden-hebt-status-als-lgbt-freie-zone-auf&#8230;<\/span><\/a><\/li>\n<\/ul>\n<p style=\"text-align: justify;\"><em>28.10.2021<\/em><br \/>\n1. Lesung des polnischen Parlaments \u00fcber einen Gesetzesentwurf, den <em>Krzysztof Kasprzak<\/em> im Namen der Initiative <em><a href=\"https:\/\/stoplgbt.pl\/\" target=\"_blank\" rel=\"noopener\">#StopLGBT <\/a><\/em> der <a href=\"https:\/\/www.zycierodzina.pl\/\" target=\"_blank\" rel=\"noopener\"><em>Fundacja \u017bycie i Rodzina<\/em><\/a> (Stiftung Leben und Familie) vorgestellt hat. Es soll unter anderem untersagt werden, dass Demonstranten bei Aktionen etwa die Ehe zwischen Mann und Frau infrage stellen und ihre Ausweitung auf Menschen des gleichen Geschlechts fordern. Zudem soll dem Entwurf zufolge bei Demonstrationen nicht f\u00fcr die Adoption von Kindern durch homosexuelle Paare und f\u00fcr eine \u00bbandere sexuelle Orientierung als die heterosexuelle\u00ab geworben werden.<\/p>\n<p style=\"text-align: justify;\">Am <em>29.10.<\/em> stimmt der <a href=\"https:\/\/de.wikipedia.org\/wiki\/Sejm\" target=\"_blank\" rel=\"noopener\">Sejm<\/a>, neben dem\u00a0<a title=\"Senat der Republik Polen\" href=\"https:\/\/de.wikipedia.org\/wiki\/Senat_der_Republik_Polen\" target=\"_blank\" rel=\"noopener\">Senat<\/a> eine der beiden Kammern der polnischen <a title=\"Nationalversammlung (Polen)\" href=\"https:\/\/de.wikipedia.org\/wiki\/Nationalversammlung_(Polen)\" target=\"_blank\" rel=\"noopener\">Nationalversammlung,<\/a> mit 235 Ja-Stimmen und 205 Nein-Stimmen f\u00fcr den Entwurf mit dem Titel \u201cStop LGBT\u201d.<\/p>\n<ul>\n<li><a href=\"https:\/\/www.youtube.com\/hashtag\/stoplgbt\" target=\"_blank\" rel=\"noopener\"><span style=\"font-size: 10pt;\">youtube.com\/hashtag\/stoplgbt<\/span><\/a><\/li>\n<li><span style=\"font-size: 10pt;\"><a href=\"https:\/\/www.spiegel.de\/ausland\/polen-hunderte-protestieren-gegen-gesetz-zum-verbot-von-lgbt-demos-a-c000e5c4-5ddf-449b-a708-268cdae98529\" target=\"_blank\" rel=\"noopener\">spiegel.de\/ausland\/polen-hunderte-protestieren-gegen-gesetz-zum-verbot-von-lgbt-demos&#8230;<\/a><\/span><\/li>\n<li><span style=\"font-size: 10pt;\"><a href=\"https:\/\/www.faz.net\/aktuell\/politik\/ausland\/lgbt-bewegung-in-polen-parlament-setzt-nazi-vergleich-17608238.html\" target=\"_blank\" rel=\"noopener\">faz.net\/aktuell\/politik\/ausland\/lgbt-bewegung-in-polen-parlament-setzt-nazi-vergleich&#8230;<\/a><\/span><\/li>\n<li><span style=\"font-size: 10pt;\"><a href=\"https:\/\/www.presseportal.de\/pm\/59019\/5060113\">presseportal.de\/pm\/59019\/5060113<\/a><\/span><\/li>\n<li><span style=\"font-size: 10pt;\"><a href=\"https:\/\/www.spiegel.de\/ausland\/polen-und-die-eu-hasserfuellter-streit-ueber-lgbtqi-rechte-a-cc67d6ba-46ab-4348-8d83-ed8e77650977\" target=\"_blank\" rel=\"noopener\">spiegel.de\/ausland\/polen-und-die-eu-hasserfuellter-streit-ueber-lgbtqi-rechte&#8230;<\/a><\/span><\/li>\n<li><a href=\"https:\/\/www.tagesspiegel.de\/gesellschaft\/queerspiegel\/queere-menschen-in-polen-sollen-unsichtbar-gemacht-werden-polnisches-parlament-stimmt-fuer-anti-lgbt-gesetz\/27757412.html\" target=\"_blank\" rel=\"noopener\"><span style=\"font-size: 10pt;\">tagesspiegel.de\/&#8230;\/queere-menschen-in-polen-sollen-unsichtbar-gemacht-werden-polnisches-parlament-stimmt-fuer-anti-lgbt-gesetz&#8230;<\/span><\/a><\/li>\n<\/ul>\n<p style=\"text-align: justify;\"><em>09.02.2022 \/ 02.03.2022<\/em><br \/>\nDer Sejm verabschiedet eine in der Presse als <em>&#8220;Lex Czarnek&#8221;<\/em> bezeichnete \u00c4nderung des Bildungsgesetzes f\u00fcr mehr Einfluss von Regierung und Bildungsaufsichtsrat. Am 2. M\u00e4rz legt Staatspr\u00e4sident Duda sein Veto ein.<\/p>\n<ul>\n<li><a href=\"https:\/\/www.maenner.media\/gesellschaft\/ausland\/polen-praesident-duda-stoppt-lex-czarnek\/\" target=\"_blank\" rel=\"noopener\"><span style=\"font-size: 10pt;\">maenner.media\/&#8230;\/polen-praesident-duda-stoppt-lex-czarnek<\/span><\/a><\/li>\n<\/ul>\n<p style=\"text-align: justify;\"><em>05.2022<\/em><br \/>\nDer LGBTIQ*-Aktivist Bartosz Staszewski war f\u00fcr sein Fotoprojekt zu \u201eLGBT-freien Zonen\u201c von der Gemeinde Niebylec wegen Verleumdung verklagt worden. Jetzt hat ein Gericht in der polnischen Stadt Rzesz\u00f3w ein Verfahren gegen ihn eingestellt.<\/p>\n<ul>\n<li><a href=\"https:\/\/www.maenner.media\/gesellschaft\/ausland\/polnisches-gericht-weist-klage-gegen-lgbtiq-aktivisten-ab\/\" target=\"_blank\" rel=\"noopener\"><span style=\"font-size: 10pt;\">maenner.media\/&#8230;\/polnisches-gericht-weist-klage-gegen-lgbtiq-aktivisten-ab<\/span><\/a><\/li>\n<\/ul>\n<p style=\"text-align: justify;\"><em>Oktober 2023<\/em><br \/>\nDer Kreistag der Powiat Wielu\u0144ski revidiert mit Berufung auf die drohende Sperrung von Mitteln durch die Europ\u00e4ische Union den Beschluss vom 26.06.2019 zur Ratifizierung der kommunalen Charta der Familienrechte.<\/p>\n<ul>\n<li><a href=\"https:\/\/wielun.naszemiasto.pl\/powiat-wielunski-uchylil-samorzadowa-karte-praw-rodziny\/ar\/c3-9493239\" target=\"_blank\" rel=\"noopener\"><span style=\"font-size: 10pt;\">wielun.naszemiasto.pl\/powiat-wielunski-uchylil-samorzadowa-karte-praw-rodziny<\/span><\/a><\/li>\n<\/ul>\n<p style=\"text-align: justify;\"><em>26.10.2023<\/em><br \/>\nMit dem Beschluss <em>XCIV\/1152\/23<\/em> hebt der Gemeinderat von Wielu\u0144 die Verabschiedung der kommunalen Charta f\u00fcr Familienrechte vom 17. Juli 2019 auf.<\/p>\n<ul>\n<li><a href=\"https:\/\/eurzad.finn.pl\/gmwielun\/#!\/rejestr\/921017\" target=\"_blank\" rel=\"noopener\"><span style=\"font-size: 10pt;\">eurzad.finn.pl\/gmwielun\/#!\/rejestr\/921017<\/span><\/a> (<a href=\"https:\/\/eurzad.finn.pl\/gmwielun\/server\/pobierz_rejestry_zalacznik\/982397\" target=\"_blank\" rel=\"noopener\"><span style=\"font-size: 10pt;\">Download<\/span><\/a>)<\/li>\n<\/ul>\n<p style=\"text-align: justify;\"><em>24.04.2025<\/em><br \/>\nDer Kreisrat der <a href=\"https:\/\/de.wikipedia.org\/wiki\/Powiat_%C5%81a%C5%84cucki\" target=\"_blank\" rel=\"noopener\">Powiat \u0141a\u0144cut<\/a> im Karpatenvorland beschlie\u00dft als letzte polnische Kommune, die Unterst\u00fctzung der kommunalen Charta der Familienrechte zu beenden.<\/p>\n<ul>\n<li><a href=\"https:\/\/tvpworld.com\/86360798\/poland-abolishes-last-lgbt-free-zone-\" target=\"_blank\" rel=\"noopener\"><span style=\"font-size: 10pt;\">tvpworld.com\/86360798\/poland-abolishes-last-lgbt-free-zon<\/span><\/a><\/li>\n<\/ul>\n<p><img decoding=\"async\" class=\"aligncenter\" src=\"https:\/\/partnerschaftsverein-adelebsen.de\/wp-content\/uploads\/2015\/11\/trenner-300x26.png.webp\" alt=\"trenner\" \/><\/p>\n<p>&nbsp;<\/p>\n<p><span style=\"font-size: 10pt;\">Fakten der Unterzeichnungen in einer Tabelle, die Aktivisten auf Basis offizieller Daten erstellt haben:<\/span><br \/>\n<span style=\"font-size: 10pt;\"><a href=\"https:\/\/docs.google.com\/spreadsheets\/d\/15yrxAGCj9RKop_IBz35OuD5KKylSIHUVnpfJ2b5W8Xg\/edit#gid=1811247053\" target=\"_blank\" rel=\"noopener noreferrer\">docs.google.com\/&#8230;\/15yrxAGCj9RKop_IBz35OuD5KKylSIHUVnpfJ2b5W8Xg\/..<\/a><\/span><\/p>\n<p class=\"summary\"><span style=\"font-size: 10pt;\">Fakten und Zahlen vom Deutschen Polen-Institut in Darmstadt:<br \/>\n<\/span><a href=\"https:\/\/www.deutsches-polen-institut.de\/blog\/lgbt-freie-zonen-in-polen-fakten-und-zahlen\" target=\"_blank\" rel=\"noopener noreferrer\"><span style=\"font-size: 10pt;\">deutsches-polen-institut.de\/&#8230;\/lgbt-freie-zonen-in-polen-fakten-und-zahlen<\/span><\/a><br \/>\n<span style=\"font-size: 10pt;\"><a href=\"https:\/\/www.poleninderschule.de\/arbeitsblaetter\/gesellschaft\/lgbt-rechte-gender-und-sexualmoral-in-polen\/\" target=\"_blank\" rel=\"noopener noreferrer\">poleninderschule.de\/&#8230;\/lgbt-rechte-gender-und-sexualmoral-in-polen<\/a><\/span><br \/>\n<span style=\"font-size: 10pt;\"><a href=\"https:\/\/www.poleninderschule.de\/assets\/polen-in-der-schule\/downloads\/arbeitsblaetter\/g-LGBT-Einleitung.pdf\" target=\"_blank\" rel=\"noopener noreferrer\">poleninderschule.de\/&#8230;\/downloads\/arbeitsblaetter\/g-LGBT-Einleitung.pdf<\/a><\/span><\/p>\n<p><span style=\"font-size: 10pt;\">Informations- und Aktionsseite des LSVD:<\/span><br \/>\n<span style=\"font-size: 10pt;\"><a href=\"https:\/\/www.lsvd.de\/de\/ct\/2227-quot-LSBTI-freie-Zonen-quot-in-Polen-Steigender-Hass-im-Nachbarland\" target=\"_blank\" rel=\"noopener\">&#8220;LSBTI-freie Zonen&#8221; in Polen &#8211; Steigender Hass im Nachbarland (lsvd.de)<\/a><\/span><\/p>\n<p><span style=\"font-size: 10pt;\">Wikipedia-Artikel zum Thema:<br \/>\n<a href=\"https:\/\/de.wikipedia.org\/wiki\/LGBT-ideologiefreie_Zone\" target=\"_blank\" rel=\"noopener noreferrer\">de.wikipedia.org\/wiki\/LGBT-ideologiefreie_Zone<\/a><br \/>\n<a href=\"https:\/\/de.wikipedia.org\/wiki\/Gay_agenda\" target=\"_blank\" rel=\"noopener noreferrer\">de.wikipedia.org\/wiki\/Gay_agenda<\/a><br \/>\n<a href=\"https:\/\/pl.wikipedia.org\/wiki\/Strefa_wolna_od_ideologii_LGBT\" target=\"_blank\" rel=\"noopener noreferrer\">pl.wikipedia.org\/wiki\/Strefa_wolna_od_ideologii_LGBT<\/a><br \/>\n<a href=\"https:\/\/pl.wikipedia.org\/wiki\/Kategoria:Rodzina_w_Polsce\" target=\"_blank\" rel=\"noopener noreferrer\">pl.wikipedia.org\/wiki\/Kategoria:Rodzina_w_Polsce<\/a><br \/>\n<a href=\"https:\/\/en.wikipedia.org\/wiki\/LGBT_ideology-free_zone\" target=\"_blank\" rel=\"noopener noreferrer\">en.wikipedia.org\/wiki\/LGBT_ideology-free_zone<\/a><br \/>\n<a href=\"https:\/\/en.wikipedia.org\/wiki\/LGBT_rights_in_the_European_Union\" target=\"_blank\" rel=\"noopener noreferrer\">en.wikipedia.org\/wiki\/LGBT_rights_in_the_European_Union<\/a><br \/>\n<a href=\"https:\/\/en.wikipedia.org\/wiki\/List_of_fact-checking_websites\" target=\"_blank\" rel=\"noopener noreferrer\">en.wikipedia.org\/wiki\/List_of_fact-checking_websites<\/a><br \/>\n<\/span><\/p>\n<p><span style=\"font-size: 10pt;\">Arte-Doku zur Rolle des Glaubens in Polen:<\/span><br \/>\n<a href=\"https:\/\/web.archive.org\/web\/20220701200551\/https:\/\/www.arte.tv\/de\/videos\/099153-000-A\/polen-unerschuetterlicher-glauben\/\" target=\"_blank\" rel=\"noopener noreferrer\"><span style=\"font-size: 10pt;\">arte.tv\/&#8230;\/polen-unerschuetterlicher-glauben<\/span><\/a><br \/>\n<!-- https:\/\/www.arte.tv\/de\/videos\/091466-000-A\/homosexualitaet-ideologischer-grabenkampf-in-polen\/ https:\/\/www.arte.tv\/de\/videos\/094279-084-A\/hetze-gegen-lgbti-menschen-ein-problem-osteuropas\/ --><br \/>\n<span style=\"font-size: 10pt;\">youtube-Beitrag zur neuen Rolle Polens in der EU:<\/span><br \/>\n<a href=\"https:\/\/www.youtube.com\/watch?v=zC24ryOWgQo\" target=\"_blank\" rel=\"noopener noreferrer\"><span style=\"font-size: 10pt;\">youtube.com\/watch?v=zC24ryOWgQo<\/span><\/a><\/p>\n<p>&nbsp;<\/p>\n<hr \/>\n<p>&nbsp;<\/p>\n<div style=\"font-size: 86%;\">\n<h4>Google-News-Thema &#8220;Polen + LGBT&#8221;, gesammelt mit dem Feed-Reader-Plug-In<\/h4>\n<div class=\"wpra-display align\" data-display-id=\"1\" hx-target=\"this\" hx-swap=\"outerHTML\">    <div class=\"wp-rss-aggregator wpra-list-template \">\n        <ol class=\"rss-aggregator wpra-item-list wpra-item-list--bullets wpra-item-list--numbers\" start=\"1\">\n                <li class=\"wpra-item feed-item \">\n        <a href=\"https:\/\/news.google.com\/rss\/articles\/CBMiWkFVX3lxTFBVNXNEbmdQSnJqOTZGUXpNaVJmaGplQnpfUlNIWWFHZ2pKZlc2cGRCMFp0SnozN3M1c1hIN1lGV2JpelZJMFdqNzE3VThINnlUR1o5ZGVNeXVwQQ?oc=5\" class=\"\" target=\"_blank\" rel=\"\" style=\"\">Trump signs order to remove endangered species protection for grey wolves - BBC<\/a>\n\n        <div class=\"wprss-feed-meta\">\n                <span class=\"feed-source\">\n        Quelle: <a href=\"https:\/\/news.google.com\/news\/rss\/headlines\/section\/geo\/Polen?hl=en&amp;gl=US&amp;ceid=US:en\" class=\"\" target=\"_blank\" rel=\"\" style=\"\">Google News - Thema Polen - en<\/a>\n    <\/span>\n                <span class=\"feed-date\">\n        Ver\u00f6ffentlicht: 05-09-2026\n    <\/span>\n            \n        <\/div>\n\n        \n    <\/li>    <li class=\"wpra-item feed-item \">\n        <a href=\"https:\/\/news.google.com\/rss\/articles\/CBMiwgFBVV95cUxQMGY5UGpJUGVGcXNDSmxUU01RSjFCbXNDZXlmSm9JekhLZFZPSEZOVUpZVDlwdE8ta1E0Y0REcFM5WW9qSU83WDd1RXJUUEdvRGdWTVhGZVpqYjRNTkhmWXVOX20zYVFuLTJ3ODlPNG1kYXVXNkozaXhROU9mQkJ1VVhYekNOUTNxSnNYc25ldm82VF9VWU5JSjNpVkdwRkctSnh6Uk1yRjhfV0Z1ZVBTNlRWNk5Od2d6UzJCdHNCVFhFUQ?oc=5\" class=\"\" target=\"_blank\" rel=\"\" style=\"\">Afera Zondacrypto. Ziobro odpowiada Tuskowi. \"Niech Polacy sami oceni\u0105\" - PolsatNews.pl<\/a>\n\n        <div class=\"wprss-feed-meta\">\n                <span class=\"feed-source\">\n        Quelle: <a href=\"https:\/\/news.google.com\/news\/rss\/headlines\/section\/geo\/Polen?hl=pl&amp;gl=PL&amp;ceid=PL:pl\" class=\"\" target=\"_blank\" rel=\"\" style=\"\">Google News - Thema Polen - pl<\/a>\n    <\/span>\n                <span class=\"feed-date\">\n        Ver\u00f6ffentlicht: 05-09-2026\n    <\/span>\n            \n        <\/div>\n\n        \n    <\/li>    <li class=\"wpra-item feed-item \">\n        <a href=\"https:\/\/news.google.com\/rss\/articles\/CBMisgFBVV95cUxNdTc0TmlZMTNuOE1lWXR3QnZkTEVpZ0ZKb2lGdGJodkMxREZ2M2l3bEdSMEFxVHh3OWo5M1d4SXRVQ0NKM2xSelN6MDZJRGxvS0toZng5ZkpaOXZlVkFtNGNxcDJOWmtxd2sxNzF1NllrV2R0T0FGZllBNGoyQm5VYzdXa2JDTldQSkN0dktleGp3cVFfNXk5aEJvby1LdVFtbWFwdWdLamI0dkR0TV9zcDhB?oc=5\" class=\"\" target=\"_blank\" rel=\"\" style=\"\">Tragedia na torach w Ole\u015bnicy. To one zgin\u0119\u0142y. \u015aledczy o hipotezach - o2<\/a>\n\n        <div class=\"wprss-feed-meta\">\n                <span class=\"feed-source\">\n        Quelle: <a href=\"https:\/\/news.google.com\/news\/rss\/headlines\/section\/geo\/Polen?hl=pl&amp;gl=PL&amp;ceid=PL:pl\" class=\"\" target=\"_blank\" rel=\"\" style=\"\">Google News - Thema Polen - pl<\/a>\n    <\/span>\n                <span class=\"feed-date\">\n        Ver\u00f6ffentlicht: 05-09-2026\n    <\/span>\n            \n        <\/div>\n\n        \n    <\/li>    <li class=\"wpra-item feed-item \">\n        <a href=\"https:\/\/news.google.com\/rss\/articles\/CBMiyAFBVV95cUxQc1hXR2o4Smo3UnZmTTJmM2V4bldFYkpPekNpM2NhUGozMnVKcWZWOHNyUDdmSm5YR2dWT3FRd0FHWnM1Nlc2c3pxSk1XNVdlM1VNb0VyOVRpRG9vMnMyenFVbFVNdERKVEpyeVAtQ0poemwzNTdkYkF4VENfUzhVd1pkQ2djaldJdUZFVThZVktLdXd3anlpZlBCVWpuMi1lTUw1TFA1anU1YWVEeEhIdTI1Q05zOVJqcUNnZkRTc1JxdU82RVRUSw?oc=5\" class=\"\" target=\"_blank\" rel=\"\" style=\"\">Iranian tanker hit by US attack near Iran's Kharg Island, Tasnim says - Reuters<\/a>\n\n        <div class=\"wprss-feed-meta\">\n                <span class=\"feed-source\">\n        Quelle: <a href=\"https:\/\/news.google.com\/news\/rss\/headlines\/section\/geo\/Polen?hl=en&amp;gl=US&amp;ceid=US:en\" class=\"\" target=\"_blank\" rel=\"\" style=\"\">Google News - Thema Polen - en<\/a>\n    <\/span>\n                <span class=\"feed-date\">\n        Ver\u00f6ffentlicht: 05-09-2026\n    <\/span>\n            \n        <\/div>\n\n        \n    <\/li>    <li class=\"wpra-item feed-item \">\n        <a href=\"https:\/\/news.google.com\/rss\/articles\/CBMiwgFBVV95cUxQX09EOFR0elB4NFlRTG5taU43Y09MdFNray1kYXI5MW1UdHowTXZTdkE1T1owSlhBdVpxU0VDTmo4cS0zdDMwSkJBYlVSTDFQUTNiRjBOdjIxVXVRMGJKQks4dmo4aTBkR0g1VkZfV21VMUxYdmN4b0dZQmxUYmh4MW1taDVyRUZLd2d1WmpWQ0RxMlJCS2VYelpMSFRjNU02TVQ5M0pmZ3RhTktnR20wZENmSzZlaFJSSHFDaHZQbV9HZw?oc=5\" class=\"\" target=\"_blank\" rel=\"\" style=\"\">By\u0142y szef esto\u0144skiego kontrwywiadu: Niemcy nie wiedz\u0105, co zrobi\u0107 - Wiadomo\u015bci Onet<\/a>\n\n        <div class=\"wprss-feed-meta\">\n                <span class=\"feed-source\">\n        Quelle: <a href=\"https:\/\/news.google.com\/news\/rss\/headlines\/section\/geo\/Polen?hl=pl&amp;gl=PL&amp;ceid=PL:pl\" class=\"\" target=\"_blank\" rel=\"\" style=\"\">Google News - Thema Polen - pl<\/a>\n    <\/span>\n                <span class=\"feed-date\">\n        Ver\u00f6ffentlicht: 05-09-2026\n    <\/span>\n            \n        <\/div>\n\n        \n    <\/li>    <li class=\"wpra-item feed-item \">\n        <a href=\"https:\/\/news.google.com\/rss\/articles\/CBMixgFBVV95cUxOaVZ1MW5CQUdpSDZIYV9Pa3ZWN1h0R3hUYnQwN2FLUW5IY2lmblZ3bVpsVGNJbjJMT3RPc2VKaXZPdzZMak9DLUE0VVV3eVkwSUl1QWRCZW5ERThtMTVNNVZyaUc0RjNKVlBSV244N25YQngxcWR4OWZGY3ZYT2xCYW5PSk5vWW1Ed09ndHF5NUt6dlU3TE5ybzUwOWZ2RXVHMmFmS1B1b2MxdHV0WjdYVWoyNHA2X0o4ZnlLS3FmRTV2ZU5oZmc?oc=5\" class=\"\" target=\"_blank\" rel=\"\" style=\"\">\"Najgorszy by\u0142 widok r\u00f3\u017cowego sanda\u0142ka\". To one zgin\u0119\u0142y na torach w Ole\u015bnicy - Fakt<\/a>\n\n        <div class=\"wprss-feed-meta\">\n                <span class=\"feed-source\">\n        Quelle: <a href=\"https:\/\/news.google.com\/news\/rss\/headlines\/section\/geo\/Polen?hl=pl&amp;gl=PL&amp;ceid=PL:pl\" class=\"\" target=\"_blank\" rel=\"\" style=\"\">Google News - Thema Polen - pl<\/a>\n    <\/span>\n                <span class=\"feed-date\">\n        Ver\u00f6ffentlicht: 05-09-2026\n    <\/span>\n            \n        <\/div>\n\n        \n    <\/li>    <li class=\"wpra-item feed-item \">\n        <a href=\"https:\/\/news.google.com\/rss\/articles\/CBMiqgFBVV95cUxOMlFxbFpDVUlJSlBQUm80RlZTTTBlY09velE3OU1HZmhjeG5KVlJJb0I2SUZRcXlRWjM2MUExc1BkZ3JpeGtVdDE0Y3ZHcXp1QTYyQXdVQ2U5UmlCZmY5U3gtekVTUmlqNkVwejgzNWJ2ZUMyWmRfbksxVzBGT0o1MW1ZVUtBbGdrWWZZVUtNRVFyMzd1Tk82Z0xvUWtzS3RfWEhRVm9oSXBfUQ?oc=5\" class=\"\" target=\"_blank\" rel=\"\" style=\"\">Nauczycielka wezwa\u0142a policj\u0119. \"Rz\u0105dzi\u0107 to sobie mo\u017cesz w domu\" - o2.pl<\/a>\n\n        <div class=\"wprss-feed-meta\">\n                <span class=\"feed-source\">\n        Quelle: <a href=\"https:\/\/news.google.com\/news\/rss\/headlines\/section\/geo\/Polen?hl=pl&amp;gl=PL&amp;ceid=PL:pl\" class=\"\" target=\"_blank\" rel=\"\" style=\"\">Google News - Thema Polen - pl<\/a>\n    <\/span>\n                <span class=\"feed-date\">\n        Ver\u00f6ffentlicht: 05-09-2026\n    <\/span>\n            \n        <\/div>\n\n        \n    <\/li>    <li class=\"wpra-item feed-item \">\n        <a href=\"https:\/\/news.google.com\/rss\/articles\/CBMitAFBVV95cUxPZ0lnRnhxMFRUN28xRmVNQmoxMXZEUEItUkRZRXJ1YjN4Vk5Hb1RSVDlNSmhkMl9fdm8xMVl1dFU2empuQnEway1EZjZ5dlJfUnYwVGxNMklOLWJPTjMwQUhZc0lWaGpDSXYwbDRJRHdvZ0Nnb3NZTEZxLWNYQ0FZeS1sTlE0MHlRbENvQVFDNDlzaFotbGgta3RaaURONDFoSDZ3MERmeFduTVg5dlJuLVNiZnE?oc=5\" class=\"\" target=\"_blank\" rel=\"\" style=\"\">Dar\u0142owo szuka 37-letniej Emilii Koprowskiej. Po k\u0142\u00f3tni z m\u0119\u017cem \u015blad si\u0119 urwa\u0142 - Fakt<\/a>\n\n        <div class=\"wprss-feed-meta\">\n                <span class=\"feed-source\">\n        Quelle: <a href=\"https:\/\/news.google.com\/news\/rss\/headlines\/section\/geo\/Polen?hl=pl&amp;gl=PL&amp;ceid=PL:pl\" class=\"\" target=\"_blank\" rel=\"\" style=\"\">Google News - Thema Polen - pl<\/a>\n    <\/span>\n                <span class=\"feed-date\">\n        Ver\u00f6ffentlicht: 05-09-2026\n    <\/span>\n            \n        <\/div>\n\n        \n    <\/li>    <li class=\"wpra-item feed-item \">\n        <a href=\"https:\/\/news.google.com\/rss\/articles\/CBMiiwFBVV95cUxPNTB4cXFwcGVMMDdGdWZaNExNcDRBUGVSZURNUHdKcWxIWjNLREUyQlpjaGdQQWZzMGh3cVZxcThKT1JtS0V1SlV5cWxUYU1Ra0I4OUJEYnoxa1RJOFlFWkxsNHpOR2d4R01Mc3prOERtdUx6MzF6RV9jRWEzM0l5Qi1mYkt1SUxULWJF?oc=5\" class=\"\" target=\"_blank\" rel=\"\" style=\"\">Live Updates: Iran war is \"small potatoes\" for U.S., Trump says - CBS News<\/a>\n\n        <div class=\"wprss-feed-meta\">\n                <span class=\"feed-source\">\n        Quelle: <a href=\"https:\/\/news.google.com\/news\/rss\/headlines\/section\/geo\/Polen?hl=en&amp;gl=US&amp;ceid=US:en\" class=\"\" target=\"_blank\" rel=\"\" style=\"\">Google News - Thema Polen - en<\/a>\n    <\/span>\n                <span class=\"feed-date\">\n        Ver\u00f6ffentlicht: 05-09-2026\n    <\/span>\n            \n        <\/div>\n\n        \n    <\/li>    <li class=\"wpra-item feed-item \">\n        <a href=\"https:\/\/news.google.com\/rss\/articles\/CBMiqAFBVV95cUxNdlhwUHQxVEN3cVhRTS1uT0RYRkdwT0tpQncyVXFUUWh6clVTU2JtbGZUaFRNN01PWmJVTnJUZkVWSlJoWUVwVnZ6dUExbFo3NU43MzV1RWFqRUlzMGk1clFrTFpPbHA2Z1MxRjlXQk5EbkFWb2NqUGUxUndJSFVmUkRwMHplVUMzdVhUa0Jia0JEaGNuMDREckgxRFZmWHlOaVlncUVYQ1U?oc=5\" class=\"\" target=\"_blank\" rel=\"\" style=\"\">Co trzeba wiedzie\u0107 o Zondacrypto? Specjalny program w TVN24 - TVN24<\/a>\n\n        <div class=\"wprss-feed-meta\">\n                <span class=\"feed-source\">\n        Quelle: <a href=\"https:\/\/news.google.com\/news\/rss\/headlines\/section\/geo\/Polen?hl=pl&amp;gl=PL&amp;ceid=PL:pl\" class=\"\" target=\"_blank\" rel=\"\" style=\"\">Google News - Thema Polen - pl<\/a>\n    <\/span>\n                <span class=\"feed-date\">\n        Ver\u00f6ffentlicht: 05-09-2026\n    <\/span>\n            \n        <\/div>\n\n        \n    <\/li>    <li class=\"wpra-item feed-item \">\n        <a href=\"https:\/\/news.google.com\/rss\/articles\/CBMiygFBVV95cUxNU09Ya2FueS1oWFhxeTBfZTRkMXUySDk4cEQ0eEZyY1Z1SDByWWI4ZzVTOEV4RXN2SkdhRnZlWFZuVkF2VkdjM2lJcmVDRmE3eWZaR09oRmRzVnVFWW9Ob19YTDhEOVlxX0RuVkVpamtHSGR0b3N1OF9FaFc4LTBOTzNabmRFRG41UTM1NmFsdXRSTjJSQzdPcmpTWEhBMHk2QTN5eUV0NGxsZ3lEbkdEVmlPeTJGNVp1eXNaM044VG1DVkIxVC1GM1J3?oc=5\" class=\"\" target=\"_blank\" rel=\"\" style=\"\">Morawiecki wysy\u0142a list do cz\u0142onk\u00f3w Rozw\u00f3j Plus. Krytyka PiS i mobilizacja przed wyborami - WP Wiadomo\u015bci<\/a>\n\n        <div class=\"wprss-feed-meta\">\n                <span class=\"feed-source\">\n        Quelle: <a href=\"https:\/\/news.google.com\/news\/rss\/headlines\/section\/geo\/Polen?hl=pl&amp;gl=PL&amp;ceid=PL:pl\" class=\"\" target=\"_blank\" rel=\"\" style=\"\">Google News - Thema Polen - pl<\/a>\n    <\/span>\n                <span class=\"feed-date\">\n        Ver\u00f6ffentlicht: 05-09-2026\n    <\/span>\n            \n        <\/div>\n\n        \n    <\/li>    <li class=\"wpra-item feed-item \">\n        <a href=\"https:\/\/news.google.com\/rss\/articles\/CBMiogFBVV95cUxNQ0Z5ZHhoZWZzVnNGNDNGY0x5VEhjb3RTV3JOT2EwaVFxeUJRUS1ONmpMR1liUVdMcmxMeklIOG5EU0pZUTBEbVpoRUsyX2NxSUM3N3UtSWVnZ3Z5d2tNTDFYS19VaWlwYm9nUzMwaF9LNjVLYXYwOU40VFRZQW1zWUpsTHEyZ21ZUU5uc0ZwNTBwTlJub2JXemhFNlVhRzJ5SWc?oc=5\" class=\"\" target=\"_blank\" rel=\"\" style=\"\">Zas\u0142ab\u0142 na polu golfowym. Tragiczne wie\u015bci ze szpitala - o2.pl<\/a>\n\n        <div class=\"wprss-feed-meta\">\n                <span class=\"feed-source\">\n        Quelle: <a href=\"https:\/\/news.google.com\/news\/rss\/headlines\/section\/geo\/Polen?hl=pl&amp;gl=PL&amp;ceid=PL:pl\" class=\"\" target=\"_blank\" rel=\"\" style=\"\">Google News - Thema Polen - pl<\/a>\n    <\/span>\n                <span class=\"feed-date\">\n        Ver\u00f6ffentlicht: 05-09-2026\n    <\/span>\n            \n        <\/div>\n\n        \n    <\/li>    <li class=\"wpra-item feed-item \">\n        <a href=\"https:\/\/news.google.com\/rss\/articles\/CBMisAFBVV95cUxPY20zV0R1SENIOE5mRXZpMDZUT3EwYkxha1kzb3FoZnYyX3g4OUdFVmxPOGM3V0RzUU1PaWZoQTJ2NWtEOXZOTEFIUVItOTAtbEZPSFZvVERzOWQwSzItNXl1SHlZZkpqUjdtVHp5TTM0ZkJ0R2lobTh0NWI5UnN4OV9jdFg5MnRGOEJTR204WVk4dU9BbTZLRzgxcmItREpHRWpLVm1abHFXWndfODAxOQ?oc=5\" class=\"\" target=\"_blank\" rel=\"\" style=\"\">Ukrai\u0144cy w Polsce. Nowe dane wskazuj\u0105 trend w\u015br\u00f3d uchod\u017ac\u00f3w - PolsatNews.pl<\/a>\n\n        <div class=\"wprss-feed-meta\">\n                <span class=\"feed-source\">\n        Quelle: <a href=\"https:\/\/news.google.com\/news\/rss\/headlines\/section\/geo\/Polen?hl=pl&amp;gl=PL&amp;ceid=PL:pl\" class=\"\" target=\"_blank\" rel=\"\" style=\"\">Google News - Thema Polen - pl<\/a>\n    <\/span>\n                <span class=\"feed-date\">\n        Ver\u00f6ffentlicht: 05-09-2026\n    <\/span>\n            \n        <\/div>\n\n        \n    <\/li>    <li class=\"wpra-item feed-item \">\n        <a href=\"https:\/\/news.google.com\/rss\/articles\/CBMilAFBVV95cUxNMG00NFRqNlBnOTZLRGVuYV9xSDFmMEZhSzRsWE1CYkg1b1ppSjNuOHRHbVo2eGdoY2xUSDRjZmJuZ18wODF0cFRmNlBrRXRXNWtOdGJUck1aRm1TNGRhSTlGeTNUTFV0aVlaR1JJX1YzSDFDQWwxT0ZvWkZaR2ljRS13RS00blF4NHkwQ3F2YXRlaE1T?oc=5\" class=\"\" target=\"_blank\" rel=\"\" style=\"\">Dziewi\u0119\u0107 wojew\u00f3dztw zagro\u017conych. IMGW wyda\u0142o ostrze\u017cenia - polsatnews.pl<\/a>\n\n        <div class=\"wprss-feed-meta\">\n                <span class=\"feed-source\">\n        Quelle: <a href=\"https:\/\/news.google.com\/news\/rss\/headlines\/section\/geo\/Polen?hl=pl&amp;gl=PL&amp;ceid=PL:pl\" class=\"\" target=\"_blank\" rel=\"\" style=\"\">Google News - Thema Polen - pl<\/a>\n    <\/span>\n                <span class=\"feed-date\">\n        Ver\u00f6ffentlicht: 05-09-2026\n    <\/span>\n            \n        <\/div>\n\n        \n    <\/li>    <li class=\"wpra-item feed-item \">\n        <a href=\"https:\/\/news.google.com\/rss\/articles\/CBMitwFBVV95cUxPNGtjaHRlOUw4b3B3YV9YcjB0QmpEZVZxQUhxYUFESXNLelJ5cmRzTDZqV3JIT2hxMExwS2tRbHJjRFVqQnd6TEdOZEhkckpsUHFNVjkxQUJaaV9QdHlpUXZvNXVCZ0xsRllBZW1mSFZHcExvbDJURXF0ejJMdTZPX3B5bjY5X3diU25rU1RYcE1OZ0NyRk8wMGhENktwMkpyMExWa2lCNkdnVWMtR3BpR01PaVFVM3c?oc=5\" class=\"\" target=\"_blank\" rel=\"\" style=\"\">Sejm przyjmuje pakiet ustaw. Nie wszystkie wa\u017cne projekty trafi\u0142y pod g\u0142osowanie - Business Insider Polska<\/a>\n\n        <div class=\"wprss-feed-meta\">\n                <span class=\"feed-source\">\n        Quelle: <a href=\"https:\/\/news.google.com\/news\/rss\/headlines\/section\/geo\/Polen?hl=pl&amp;gl=PL&amp;ceid=PL:pl\" class=\"\" target=\"_blank\" rel=\"\" style=\"\">Google News - Thema Polen - pl<\/a>\n    <\/span>\n                <span class=\"feed-date\">\n        Ver\u00f6ffentlicht: 05-09-2026\n    <\/span>\n            \n        <\/div>\n\n        \n    <\/li>    <li class=\"wpra-item feed-item \">\n        <a href=\"https:\/\/news.google.com\/rss\/articles\/CBMiwAFBVV95cUxPTnJiWkZmUmJyMDdMTG1heWtVZ2dIcUREbHgtaW5taUJSczNUTmM0ZWVBZ1dfR0IydTlRWWJvbmU1c1VGT0NSMGFqaFg0cHhvbnB4bVg4RDdFZUtZM0xmWTZ2N1A2elBxazVBb0VYWmZfWkVjSkFIVXpmQ0dSMTdTZkY2LTd5S1ZmUnNfUFJ2Vy1IZUxrY2dZMTlQOXB1c291bUEwWDB2d1FMWEtaTlhEMWhZOGgzQjA3NUltZGRnQjA?oc=5\" class=\"\" target=\"_blank\" rel=\"\" style=\"\">Aferzysta z Polski b\u0119dzie dwa razy na li\u015bcie najgro\u017aniejszych przest\u0119pc\u00f3w. Bo znaleziono zdj\u0119cie - Rzeczpospolita<\/a>\n\n        <div class=\"wprss-feed-meta\">\n                <span class=\"feed-source\">\n        Quelle: <a href=\"https:\/\/news.google.com\/news\/rss\/headlines\/section\/geo\/Polen?hl=pl&amp;gl=PL&amp;ceid=PL:pl\" class=\"\" target=\"_blank\" rel=\"\" style=\"\">Google News - Thema Polen - pl<\/a>\n    <\/span>\n                <span class=\"feed-date\">\n        Ver\u00f6ffentlicht: 05-09-2026\n    <\/span>\n            \n        <\/div>\n\n        \n    <\/li>    <li class=\"wpra-item feed-item \">\n        <a href=\"https:\/\/news.google.com\/rss\/articles\/CBMiswFBVV95cUxQeG0wVWk4Z0RRSzRUNEtaSHV6VUhvMjc3MW1sdnV1YXZxREZZV1F3Q2RQVlVvV1M2VEExT2xPWU5fdG5yNTJvX29WSWRCWGdMRE4xeC1SUTZxTVhmYzRkODhvb3B6Uy12cnB1TVZobFF5OTJZWmxOa0Q0T3h5cFRzdDhYUkZpRzFHTGdTTEZnS0RNdDd0YnZ4emJUNGlWWFZ4Zkc0d3cxSnJiWHRrZUMxblg3cw?oc=5\" class=\"\" target=\"_blank\" rel=\"\" style=\"\">Mateusz Morawiecki ze specjalnym listem do cz\u0142onk\u00f3w stowarzyszenia Rozw\u00f3j Plus. Znamy tre\u015b\u0107 - wydarzenia.interia.pl<\/a>\n\n        <div class=\"wprss-feed-meta\">\n                <span class=\"feed-source\">\n        Quelle: <a href=\"https:\/\/news.google.com\/news\/rss\/headlines\/section\/geo\/Polen?hl=pl&amp;gl=PL&amp;ceid=PL:pl\" class=\"\" target=\"_blank\" rel=\"\" style=\"\">Google News - Thema Polen - pl<\/a>\n    <\/span>\n                <span class=\"feed-date\">\n        Ver\u00f6ffentlicht: 05-09-2026\n    <\/span>\n            \n        <\/div>\n\n        \n    <\/li>    <li class=\"wpra-item feed-item \">\n        <a href=\"https:\/\/news.google.com\/rss\/articles\/CBMi9AFBVV95cUxOTUFKTDFOSHBTQVZxTlFMeGZ0LW5ObnRVTVdvUXFBcC1FUHpDVnBtYm13eFBkM0NYdU95YVlSWXlWRkdkbFU4bkg4TlowcmdlS0ExMWJXUmE2OWtwTHpBXzR5NldKWDdOdWlYN0oybExqR05QMThVckEtaFZNQ3lKTmJzcDJwMWRfYzJ0Mi1JMVRXRmtET2lFVnJfa1RMRnlqenh5UUR6S1AxbGJiXzl6OGpzaHZwMTJfSEVwdndmY3N1X0pCUmF5enB0UkNkS2RBQzdYZTBDa19acUxOTkQwMERVUmVGWVNEYWdYeGJfcVBqaTZ6?oc=5\" class=\"\" target=\"_blank\" rel=\"\" style=\"\">Blance Lipi\u0144skiej NIE PODOBA SI\u0118 inicjatywa prezydenta o finansowaniu prawa jazdy: \"Co jeszcze damy za darmo, \u017ceby g\u0142osowali?\" - Pudelek.pl<\/a>\n\n        <div class=\"wprss-feed-meta\">\n                <span class=\"feed-source\">\n        Quelle: <a href=\"https:\/\/news.google.com\/news\/rss\/headlines\/section\/geo\/Polen?hl=pl&amp;gl=PL&amp;ceid=PL:pl\" class=\"\" target=\"_blank\" rel=\"\" style=\"\">Google News - Thema Polen - pl<\/a>\n    <\/span>\n                <span class=\"feed-date\">\n        Ver\u00f6ffentlicht: 05-09-2026\n    <\/span>\n            \n        <\/div>\n\n        \n    <\/li>    <li class=\"wpra-item feed-item \">\n        <a href=\"https:\/\/news.google.com\/rss\/articles\/CBMizgFBVV95cUxOcDh6WFV3U0tEMEZOYmNwWlFLQ1d5MjY3RXFBdkxzRWRaY3BsVVR4TnBwRHRwQTN5dXRMc1dlQW1rLVRQVVBuRFNnMmVPWjdtdmZweHRkM25IbGpZVFlDNnY1cDFkZnhaUlRqY2Z5Q0I0bXpIeXlUZUdZNXpNdFdIOWw1bWpWeC1CTFVPLUhDcnhOTnpyUHpOTHBoTUl2c0JwbVNsM2p3Z1llNUFwMXdiOEIxc1JZM0g0X0VnSzd0N3R0Vm5jVjJRY0Q0THRlUQ?oc=5\" class=\"\" target=\"_blank\" rel=\"\" style=\"\">Tragedia m\u0142odych ludzi pod Kwidzynem. Jechali BMW. Na miejscu zgin\u0119\u0142a 22-latka - Fakt<\/a>\n\n        <div class=\"wprss-feed-meta\">\n                <span class=\"feed-source\">\n        Quelle: <a href=\"https:\/\/news.google.com\/news\/rss\/headlines\/section\/geo\/Polen?hl=pl&amp;gl=PL&amp;ceid=PL:pl\" class=\"\" target=\"_blank\" rel=\"\" style=\"\">Google News - Thema Polen - pl<\/a>\n    <\/span>\n                <span class=\"feed-date\">\n        Ver\u00f6ffentlicht: 05-09-2026\n    <\/span>\n            \n        <\/div>\n\n        \n    <\/li>    <li class=\"wpra-item feed-item \">\n        <a href=\"https:\/\/news.google.com\/rss\/articles\/CBMirwFBVV95cUxNUnVYTktYSnZ3VDlMSV9JYUdaTEMwMlpDTlBGSjNSN0ZhRjhVc0wyczdiM0xHVUtYQkRsSTJwdWtMelhfbHZselJ6ZU9DU2Exa3B0ck9TZ2o4UTgxV0RYbjRZRTk4SFNOeks0YVNxczRxSUNQRWEzM0FvdFpGVTNyWkpoWFFvenhqNTJkbXoyUjlkVHlFczR2TGFYNlhsNGlsbXpXTXprc3hCMHA2Q1hJ?oc=5\" class=\"\" target=\"_blank\" rel=\"\" style=\"\">\"Prezent\" po turystach. Naprawd\u0119 to zostawili. Le\u015bnicy zniesmaczeni - o2<\/a>\n\n        <div class=\"wprss-feed-meta\">\n                <span class=\"feed-source\">\n        Quelle: <a href=\"https:\/\/news.google.com\/news\/rss\/headlines\/section\/geo\/Polen?hl=pl&amp;gl=PL&amp;ceid=PL:pl\" class=\"\" target=\"_blank\" rel=\"\" style=\"\">Google News - Thema Polen - pl<\/a>\n    <\/span>\n                <span class=\"feed-date\">\n        Ver\u00f6ffentlicht: 05-09-2026\n    <\/span>\n            \n        <\/div>\n\n        \n    <\/li>    <li class=\"wpra-item feed-item \">\n        <a href=\"https:\/\/news.google.com\/rss\/articles\/CBMisgFBVV95cUxQWUc0SUotQUdsUm5FcEF3c1FmT0FYbWdlbWIzTjdSd3ROc082c0h2eE9vTzhhQ2hrdThaNXpCalJPRk5FcEViaEhFOC1ZX0NTOGY2T1VwZmdhem1qRTRlT3ltZGxkWjN4UmZQTmxsOG5lRGNrR0MydFI2UFZPQmJ6VUNmZDBRbEdfRFgyUXMxU2k0Qi16bGQ3YVpzUllXaDJKaUw4bm5uQ1k0czVjckVVZGlB?oc=5\" class=\"\" target=\"_blank\" rel=\"\" style=\"\">Szukaj\u0105 14-letniej Emilii. Wysz\u0142a ze szko\u0142y i przepad\u0142a bez wie\u015bci - o2.pl<\/a>\n\n        <div class=\"wprss-feed-meta\">\n                <span class=\"feed-source\">\n        Quelle: <a href=\"https:\/\/news.google.com\/news\/rss\/headlines\/section\/geo\/Polen?hl=pl&amp;gl=PL&amp;ceid=PL:pl\" class=\"\" target=\"_blank\" rel=\"\" style=\"\">Google News - Thema Polen - pl<\/a>\n    <\/span>\n                <span class=\"feed-date\">\n        Ver\u00f6ffentlicht: 05-09-2026\n    <\/span>\n            \n        <\/div>\n\n        \n    <\/li>    <li class=\"wpra-item feed-item \">\n        <a href=\"https:\/\/news.google.com\/rss\/articles\/CBMipAFBVV95cUxPanFhbHR5SlotZ1dCd2tvNTQ0WmZqV1BBaWRBbWIwdnAzZk9CaUVxZFp0X0F2OVVYd05nNUMwNkRROHFnS1RhX2E1NzZ1d1F0V051S2FOekIxNUpKRzNIV3ZvbkxXcExJRVpNWnhaVDZwSWVGdzU2SHhTc2NKMVFEUENfMnNrbG1pQ3JxWVo3MmlsNm1oaUpNSDhQM1pPNkJlZ01neQ?oc=5\" class=\"\" target=\"_blank\" rel=\"\" style=\"\">Rosyjska strategia. \"Nie rozumiemy istoty wojny, jak\u0105 prowadz\u0105\" - WP Wiadomo\u015bci<\/a>\n\n        <div class=\"wprss-feed-meta\">\n                <span class=\"feed-source\">\n        Quelle: <a href=\"https:\/\/news.google.com\/news\/rss\/headlines\/section\/geo\/Polen?hl=pl&amp;gl=PL&amp;ceid=PL:pl\" class=\"\" target=\"_blank\" rel=\"\" style=\"\">Google News - Thema Polen - pl<\/a>\n    <\/span>\n                <span class=\"feed-date\">\n        Ver\u00f6ffentlicht: 05-09-2026\n    <\/span>\n            \n        <\/div>\n\n        \n    <\/li>    <li class=\"wpra-item feed-item \">\n        <a href=\"https:\/\/news.google.com\/rss\/articles\/CBMiogFBVV95cUxONGdXc0xCcDlQY3lSQkxFeVV5QWdlM2Qwam8xc0Q3bzl4czVJRkMxZENkaHAydG1GZHNyRm9WQjBoei1tNE12djNqOFZWelJkR2gwdlZxWXdIZ1pWTVM3enBUbndXa2hoelhFLUJPUVRJRXUtcEtuanBlYUdCRXhnRllnYzF2bi1lQmFzTDZRVkVZNHdRdTV0TlF6MldLSnBlVmc?oc=5\" class=\"\" target=\"_blank\" rel=\"\" style=\"\">Maj\u0105 do\u015b\u0107 \"betonowej pustyni\". Po 15 latach zerw\u0105 p\u0142yty z placu - WP Finanse<\/a>\n\n        <div class=\"wprss-feed-meta\">\n                <span class=\"feed-source\">\n        Quelle: <a href=\"https:\/\/news.google.com\/news\/rss\/headlines\/section\/geo\/Polen?hl=pl&amp;gl=PL&amp;ceid=PL:pl\" class=\"\" target=\"_blank\" rel=\"\" style=\"\">Google News - Thema Polen - pl<\/a>\n    <\/span>\n                <span class=\"feed-date\">\n        Ver\u00f6ffentlicht: 05-09-2026\n    <\/span>\n            \n        <\/div>\n\n        \n    <\/li>    <li class=\"wpra-item feed-item \">\n        <a href=\"https:\/\/news.google.com\/rss\/articles\/CBMitwFBVV95cUxPaXYwZU5pTkl4clp2dXl2NXEyV3RHdVFIXzhqZ3hTbmlHbVd6ZnRTT251al8zRzRKS3pod3VuNGJGZzl2VTZLVi1WeEMxajBWVjBIREd0WTFsWnZjZDdwcXZkdUFGemZZd3ZYb1V1cG5icERYWGUyUTZaZDFRYWRpaVo2aUZvYm1IT0dBYWhUZkZibTllTlBZR0Z0SnRKQWs3bHV1b3dCMmpvWWJGcW9HRDU4Vi1uaDQ?oc=5\" class=\"\" target=\"_blank\" rel=\"\" style=\"\">\"Mamy to\". \u0141ukasz Giba\u0142a oficjalnie kandydatem na prezydenta Krakowa - Wiadomo\u015bci Onet<\/a>\n\n        <div class=\"wprss-feed-meta\">\n                <span class=\"feed-source\">\n        Quelle: <a href=\"https:\/\/news.google.com\/news\/rss\/headlines\/section\/geo\/Polen?hl=pl&amp;gl=PL&amp;ceid=PL:pl\" class=\"\" target=\"_blank\" rel=\"\" style=\"\">Google News - Thema Polen - pl<\/a>\n    <\/span>\n                <span class=\"feed-date\">\n        Ver\u00f6ffentlicht: 05-09-2026\n    <\/span>\n            \n        <\/div>\n\n        \n    <\/li>    <li class=\"wpra-item feed-item \">\n        <a href=\"https:\/\/news.google.com\/rss\/articles\/CBMirwFBVV95cUxPdmY4dTd0ZzUtem5tQkpMQmRtMGtKcTg3VS1pMDRxTm5PT0NZY2l4Wk5iUXNhdDlsa19oYjZYZm44WE1rRnlpa3labHJ1U09fNkRBdEVhTnBEWU42dW5WLUFNVVF3Z2U0RTZueXdkNnhwc1hEUkl5NW9kZGJ4N3hiOU1nSHV6c01nVW55ZU9kdzFpU00wYV9nSHE2VDhub3pBNFFFUHNlYndKNDBkQU93?oc=5\" class=\"\" target=\"_blank\" rel=\"\" style=\"\">Nadchodz\u0105 burze i silny wiatr. IMGW wydaje ostrze\u017cenia dla po\u0142owy kraju - Wiadomo\u015bci Onet<\/a>\n\n        <div class=\"wprss-feed-meta\">\n                <span class=\"feed-source\">\n        Quelle: <a href=\"https:\/\/news.google.com\/news\/rss\/headlines\/section\/geo\/Polen?hl=pl&amp;gl=PL&amp;ceid=PL:pl\" class=\"\" target=\"_blank\" rel=\"\" style=\"\">Google News - Thema Polen - pl<\/a>\n    <\/span>\n                <span class=\"feed-date\">\n        Ver\u00f6ffentlicht: 05-09-2026\n    <\/span>\n            \n        <\/div>\n\n        \n    <\/li>    <li class=\"wpra-item feed-item \">\n        <a href=\"https:\/\/news.google.com\/rss\/articles\/CBMisAFBVV95cUxNQ1psLWl0dkgtX1RNdEVuUnVhOXhENDhmTXBNZWlacjlsVHdCeFo5enBHRDI0SHI2T2NVZ2JJWjRmalk1ZUI0bXJBb0N5Qy1jdlNTbXF3a2Q2OWRvMnN6ZEFnWTNYU01GRURUTGNtbkpTbFpIVk9odjRPSG56eVFJRU44UXJmYkZBdExXSVVqSWNGQ05QSWVMMVlnX2otNDd4Um84QTN5ZXBobkJISGFHUQ?oc=5\" class=\"\" target=\"_blank\" rel=\"\" style=\"\">Wichury w Polsce. Setki interwencji stra\u017cak\u00f3w, uszkodzone dachy i auta - WP Wiadomo\u015bci<\/a>\n\n        <div class=\"wprss-feed-meta\">\n                <span class=\"feed-source\">\n        Quelle: <a href=\"https:\/\/news.google.com\/news\/rss\/headlines\/section\/geo\/Polen?hl=pl&amp;gl=PL&amp;ceid=PL:pl\" class=\"\" target=\"_blank\" rel=\"\" style=\"\">Google News - Thema Polen - pl<\/a>\n    <\/span>\n                <span class=\"feed-date\">\n        Ver\u00f6ffentlicht: 05-09-2026\n    <\/span>\n            \n        <\/div>\n\n        \n    <\/li>    <li class=\"wpra-item feed-item \">\n        <a href=\"https:\/\/news.google.com\/rss\/articles\/CBMiuAFBVV95cUxQWW1xVzhHaElnV3Q2OHBEUEpfQlpXSlJsY29JbWRCekpBNmhadkhrSUZodFpCOUtBZHNwQ0NQNkhwN1VWNG9MdFlnZEQ5WXdvc19nSy10T2Y2eFNvUUllSUl6Y2J1MjFNcWxPUEdTYkkxMUxncGNub3FFY1gydmdSemlFblZWQ042bmZjdnZ4X2NXZnBwU0M5ZFhzQUdMaUkwU19lcEVXTW9GcTJHUEx5bWJJNjN6bGpW?oc=5\" class=\"\" target=\"_blank\" rel=\"\" style=\"\">By\u0142a 23:30. Audi A6 wbi\u0142o si\u0119 w budynek. 19-latka powa\u017cnie ranna - o2<\/a>\n\n        <div class=\"wprss-feed-meta\">\n                <span class=\"feed-source\">\n        Quelle: <a href=\"https:\/\/news.google.com\/news\/rss\/headlines\/section\/geo\/Polen?hl=pl&amp;gl=PL&amp;ceid=PL:pl\" class=\"\" target=\"_blank\" rel=\"\" style=\"\">Google News - Thema Polen - pl<\/a>\n    <\/span>\n                <span class=\"feed-date\">\n        Ver\u00f6ffentlicht: 05-09-2026\n    <\/span>\n            \n        <\/div>\n\n        \n    <\/li>    <li class=\"wpra-item feed-item \">\n        <a href=\"https:\/\/news.google.com\/rss\/articles\/CBMipwFBVV95cUxNUTRFcWlCWUtBaFpudV8xcVF0N0N4aVk2bGZjUVlkRzhtNmxxUzgxeG1abnlwVXFQb1pGZnRydDRFUTlfUG41UnZzUGNwQkQweFVMVkoxLWJfUFhJY1RBd0FoMEJGWjNsX05zd0JCWElLQVgwaVZsU196VjVqWGRrNmR0VFJESWxZVHhraVVUTURUUnVhWloweHBsYzdlbjdNUUVoV3BNWQ?oc=5\" class=\"\" target=\"_blank\" rel=\"\" style=\"\">Reparacje od Niemiec. Sonda\u017c pokazuje, \u017ce najm\u0142odsi maj\u0105 inne zdanie ni\u017c reszta Polak\u00f3w - Rzeczpospolita<\/a>\n\n        <div class=\"wprss-feed-meta\">\n                <span class=\"feed-source\">\n        Quelle: <a href=\"https:\/\/news.google.com\/news\/rss\/headlines\/section\/geo\/Polen?hl=pl&amp;gl=PL&amp;ceid=PL:pl\" class=\"\" target=\"_blank\" rel=\"\" style=\"\">Google News - Thema Polen - pl<\/a>\n    <\/span>\n                <span class=\"feed-date\">\n        Ver\u00f6ffentlicht: 05-09-2026\n    <\/span>\n            \n        <\/div>\n\n        \n    <\/li>    <li class=\"wpra-item feed-item \">\n        <a href=\"https:\/\/news.google.com\/rss\/articles\/CBMivgFBVV95cUxORWZLNXZMbUR5bE9DTlc2endYeG5DWVVLUDV6dFpfczl5bmVmTTJSXzF5a2FXWWN1NjBRMHR0UXp1VU55ZTR2SXg0Z3FXMUxaTmowa1h1OE8tcGQ3ZEJKWUp2WjVrbmhYWnhDZm5oVzdXbkhOWTAwNHRNRWNTNlk1bGg2RHhTSzBjcVQwUktfNGowRHlPdVhHaWc2aUxFOGF3VklfeEI5VS0wN3doamg5UE9uWXZKSl9NS25wNG9R?oc=5\" class=\"\" target=\"_blank\" rel=\"\" style=\"\">Krak\u00f3w zn\u00f3w biega w weekend. B\u0119d\u0105 utrudnienia i zmiany w organizacji ruchu! - Dziennik Polski<\/a>\n\n        <div class=\"wprss-feed-meta\">\n                <span class=\"feed-source\">\n        Quelle: <a href=\"https:\/\/news.google.com\/news\/rss\/headlines\/section\/geo\/Polen?hl=pl&amp;gl=PL&amp;ceid=PL:pl\" class=\"\" target=\"_blank\" rel=\"\" style=\"\">Google News - Thema Polen - pl<\/a>\n    <\/span>\n                <span class=\"feed-date\">\n        Ver\u00f6ffentlicht: 05-09-2026\n    <\/span>\n            \n        <\/div>\n\n        \n    <\/li>    <li class=\"wpra-item feed-item \">\n        <a href=\"https:\/\/news.google.com\/rss\/articles\/CBMirgFBVV95cUxPdldTRWtMSHBtc201WVNVUW1Zc1hxN2RJYjhrc3VucXBnZldEQlpsZENYMWRmMUFfb3cyamVaN3psQmNwSDRpUnhFejM1Z2lvbnpLQ002d3J0MUhuS3lBUFoyamo0VjdhOU4xakY0Nm1aNGtCR3dnbjhKQjh4ZGRpSEgzWkotWlpiT0VmMlZjdUlkQThsZzRRa3BKdy0zSGh1WHZGYXB3dlpic2dTSWc?oc=5\" class=\"\" target=\"_blank\" rel=\"\" style=\"\">Ulewa nie pokona\u0142a sanah. Historyczne po\u017cegnanie ze stadionami [RELACJA] - WP Kultura<\/a>\n\n        <div class=\"wprss-feed-meta\">\n                <span class=\"feed-source\">\n        Quelle: <a href=\"https:\/\/news.google.com\/news\/rss\/headlines\/section\/geo\/Polen?hl=pl&amp;gl=PL&amp;ceid=PL:pl\" class=\"\" target=\"_blank\" rel=\"\" style=\"\">Google News - Thema Polen - pl<\/a>\n    <\/span>\n                <span class=\"feed-date\">\n        Ver\u00f6ffentlicht: 05-09-2026\n    <\/span>\n            \n        <\/div>\n\n        \n    <\/li>    <li class=\"wpra-item feed-item \">\n        <a href=\"https:\/\/news.google.com\/rss\/articles\/CBMirAFBVV95cUxOQmdZelZVdUtQNzBIY2dUN0VOYlgwZ18wN3ZsS1VySG9udHdwY1BCcUpZT3g0R2c2QUtZVzRTT1hxXzV2SkRtUnNMZ0NKWkF1ZGFkTWt4YlZHRXBxNHhNQThwZzNHMS1oZGdnQWdfczNhYWZXc3gzYXZhMDdrTUtzMmJNQ0hmczhMRlh3NkVNLTdrYWdld3IyMTZwSDdyaGZxYTdTZm1DWG9sc1VY?oc=5\" class=\"\" target=\"_blank\" rel=\"\" style=\"\">Tak wygl\u0105da gr\u00f3b Katarzyny Stoparczyk rok po \u015bmierci. Widok porusza - Plejada<\/a>\n\n        <div class=\"wprss-feed-meta\">\n                <span class=\"feed-source\">\n        Quelle: <a href=\"https:\/\/news.google.com\/news\/rss\/headlines\/section\/geo\/Polen?hl=pl&amp;gl=PL&amp;ceid=PL:pl\" class=\"\" target=\"_blank\" rel=\"\" style=\"\">Google News - Thema Polen - pl<\/a>\n    <\/span>\n                <span class=\"feed-date\">\n        Ver\u00f6ffentlicht: 05-09-2026\n    <\/span>\n            \n        <\/div>\n\n        \n    <\/li>    <li class=\"wpra-item feed-item \">\n        <a href=\"https:\/\/news.google.com\/rss\/articles\/CBMiowFBVV95cUxOaHNUWFMzUXNqUW85c0dEcC1EaU94bkh4V0dFeFpDNTV3cGltWXh4elJnajhWNXpwU1BnQWE4YUZNTWIxalAzWGFGRFhQWnQ5eVpDMF85dmdTcXJKTXlTRUp1cWszMlBHYnhnU0cyVjFoUlo1QnlpUTBFVmpfZ1NiUGkyTmYyeUh6QUhWYTBRUlVYNDJtczBwTi0yc3U4R2hOMTRn?oc=5\" class=\"\" target=\"_blank\" rel=\"\" style=\"\">Tragedia o poranku. Droga zablokowana. Pi\u0119\u0107 os\u00f3b w aucie - o2<\/a>\n\n        <div class=\"wprss-feed-meta\">\n                <span class=\"feed-source\">\n        Quelle: <a href=\"https:\/\/news.google.com\/news\/rss\/headlines\/section\/geo\/Polen?hl=pl&amp;gl=PL&amp;ceid=PL:pl\" class=\"\" target=\"_blank\" rel=\"\" style=\"\">Google News - Thema Polen - pl<\/a>\n    <\/span>\n                <span class=\"feed-date\">\n        Ver\u00f6ffentlicht: 05-09-2026\n    <\/span>\n            \n        <\/div>\n\n        \n    <\/li>    <li class=\"wpra-item feed-item \">\n        <a href=\"https:\/\/news.google.com\/rss\/articles\/CBMivwFBVV95cUxNR3dVVmdlbmRhbldyY0tlXzdKYlEwMG8xLVh4TFpjQ1BBSW92c3l2NmR1UnRIclM2NXZtMWFydzZkandsUFBpV1NHQmg0bUtaV1FDNGdTSmg5cFc5eWxLbFlyNXYyTFN6cGY4by1LUG5vNUFaN0RlTHB2Mko4cENYQ0V5ZHVFcW9XQXNfOFItSUM0M2liMVpFaHIxenlkNHBtTnVTM1RCbGhFdVVodzRGTXhreGY2RUh0Zlc3MnFSYw?oc=5\" class=\"\" target=\"_blank\" rel=\"\" style=\"\">Zab\u00f3jstwo Diany R. i atak na Jana K. Matka podejrzanego 19-latka zabiera g\u0142os - Fakt<\/a>\n\n        <div class=\"wprss-feed-meta\">\n                <span class=\"feed-source\">\n        Quelle: <a href=\"https:\/\/news.google.com\/news\/rss\/headlines\/section\/geo\/Polen?hl=pl&amp;gl=PL&amp;ceid=PL:pl\" class=\"\" target=\"_blank\" rel=\"\" style=\"\">Google News - Thema Polen - pl<\/a>\n    <\/span>\n                <span class=\"feed-date\">\n        Ver\u00f6ffentlicht: 05-09-2026\n    <\/span>\n            \n        <\/div>\n\n        \n    <\/li>    <li class=\"wpra-item feed-item \">\n        <a href=\"https:\/\/news.google.com\/rss\/articles\/CBMiiwFBVV95cUxPN1dpZFJnVDhCNTNmNGo0TnFrVVdQSlp2VTl6VWZhQmxuZEdJMjM2OU9vdW9KdTVmM1BqQUh1Vkw4ZXcwOTZkNExyc0NYOF9hZDFkalFaQ0VDTlBZNXZQTVI0d3FvVjZEbFkwYmdyb0tIWm1aalAyVW9ET2tJYzh0WXd5N0d2X2xNWDdN?oc=5\" class=\"\" target=\"_blank\" rel=\"\" style=\"\">\"Si\u0119gn\u0105\u0142 po bandyt\u00f3w\". Ziobro atakuje Tuska - WP Wiadomo\u015bci<\/a>\n\n        <div class=\"wprss-feed-meta\">\n                <span class=\"feed-source\">\n        Quelle: <a href=\"https:\/\/news.google.com\/news\/rss\/headlines\/section\/geo\/Polen?hl=pl&amp;gl=PL&amp;ceid=PL:pl\" class=\"\" target=\"_blank\" rel=\"\" style=\"\">Google News - Thema Polen - pl<\/a>\n    <\/span>\n                <span class=\"feed-date\">\n        Ver\u00f6ffentlicht: 05-09-2026\n    <\/span>\n            \n        <\/div>\n\n        \n    <\/li>    <li class=\"wpra-item feed-item \">\n        <a href=\"https:\/\/news.google.com\/rss\/articles\/CBMilAFBVV95cUxNZVZvN1lyNTN6UDN4Wkhsb045SVJVMzBMN0l5bmVlTHY5eE4xT2U0LUdyUDJyc3lVTTBvRTR1NE5mMkNMUDZudmlxUWxDQ3VmOVlLOHBLekc2TmRrZUNETW9YNUJpUEhmblJaSFVLcU5DT19OVUdGbDh0SVBiRTNUbklydlEzU2FPTkhvTDlGUFlyR3hK?oc=5\" class=\"\" target=\"_blank\" rel=\"\" style=\"\">Ogromna tragedia. Nie \u017cyje Maciej Sieci\u0144ski - przegladsportowy.onet.pl<\/a>\n\n        <div class=\"wprss-feed-meta\">\n                <span class=\"feed-source\">\n        Quelle: <a href=\"https:\/\/news.google.com\/news\/rss\/headlines\/section\/geo\/Polen?hl=pl&amp;gl=PL&amp;ceid=PL:pl\" class=\"\" target=\"_blank\" rel=\"\" style=\"\">Google News - Thema Polen - pl<\/a>\n    <\/span>\n                <span class=\"feed-date\">\n        Ver\u00f6ffentlicht: 05-09-2026\n    <\/span>\n            \n        <\/div>\n\n        \n    <\/li>    <li class=\"wpra-item feed-item \">\n        <a href=\"https:\/\/news.google.com\/rss\/articles\/CBMitwFBVV95cUxOdHM0T1dFcjBndW5XUUZ5RUpyTE9vQ21raUJHRkhzRnJVdVpNeXlDa2ZleW42S3B0d0dIR1VVb0lER0FvaTIzOFJHbVR3NjdwTkhHNjBYRy1oTWR0X1RUeld4bDNRSE0wVDI5S3JMSXdadnRhcWROQzhVU0dtcUhLaVNwT0h6VkpOT1hSXzNvS0txUmRhb2VKVXNlS1cyMkp0dGFpSDBvUVljNXU2andOTWJ2Q1RKTUk?oc=5\" class=\"\" target=\"_blank\" rel=\"\" style=\"\">Tajemnicza \u015bmier\u0107 w Niemczech. Mia\u0142 polsk\u0105 koszulk\u0119. Nie wiedz\u0105, kim by\u0142 - o2<\/a>\n\n        <div class=\"wprss-feed-meta\">\n                <span class=\"feed-source\">\n        Quelle: <a href=\"https:\/\/news.google.com\/news\/rss\/headlines\/section\/geo\/Polen?hl=pl&amp;gl=PL&amp;ceid=PL:pl\" class=\"\" target=\"_blank\" rel=\"\" style=\"\">Google News - Thema Polen - pl<\/a>\n    <\/span>\n                <span class=\"feed-date\">\n        Ver\u00f6ffentlicht: 05-09-2026\n    <\/span>\n            \n        <\/div>\n\n        \n    <\/li>    <li class=\"wpra-item feed-item \">\n        <a href=\"https:\/\/news.google.com\/rss\/articles\/CBMirAFBVV95cUxNb0hVcDVJT1EtamVhWW53Mk5WdnhWSUg5Zk1RTTQ1WW9SVm5obXVCZERnajlBb3BRbml6VEtzS2phSlQtYWxOVWlodkxIUmNZZENyOExWYjBOcnZBWEE1dGFUSFJxTnpIT0I1bEJqcXBOYXdXcjJkZmtPZ2ZzNlNxTEEzUDYwaHZNdl80dDJUS0JSWG5QaFZheWRmRUQzTEpwTWQ1Zjl4eGgyZjM1?oc=5\" class=\"\" target=\"_blank\" rel=\"\" style=\"\">Cat 5 Hurricane Lowell roars near Hawaii as forecasters warn of big turn - USA Today<\/a>\n\n        <div class=\"wprss-feed-meta\">\n                <span class=\"feed-source\">\n        Quelle: <a href=\"https:\/\/news.google.com\/news\/rss\/headlines\/section\/geo\/Polen?hl=en&amp;gl=US&amp;ceid=US:en\" class=\"\" target=\"_blank\" rel=\"\" style=\"\">Google News - Thema Polen - en<\/a>\n    <\/span>\n                <span class=\"feed-date\">\n        Ver\u00f6ffentlicht: 05-09-2026\n    <\/span>\n            \n        <\/div>\n\n        \n    <\/li>    <li class=\"wpra-item feed-item \">\n        <a href=\"https:\/\/news.google.com\/rss\/articles\/CBMihwFBVV95cUxQVllPeUlsd2JTSkR2V1RLWHl0OTF5Y04tNEJiOTJuSm95aU81TkhnSFZKcEhJNEtTN2txLUVxcXVvODZpNXBUT0hxY0Q5NUhEWmhnM3JVY0l5ZmZMcUFTOXdXY2xrUGtkcmc3VTVFZ2ZLUUEybG5SRGZYZ0JfY3poWXNzSk9NZUU?oc=5\" class=\"\" target=\"_blank\" rel=\"\" style=\"\">After a mistrial, what\u2019s next in the Lindsay Clancy case? - The Washington Post<\/a>\n\n        <div class=\"wprss-feed-meta\">\n                <span class=\"feed-source\">\n        Quelle: <a href=\"https:\/\/news.google.com\/news\/rss\/headlines\/section\/geo\/Polen?hl=en&amp;gl=US&amp;ceid=US:en\" class=\"\" target=\"_blank\" rel=\"\" style=\"\">Google News - Thema Polen - en<\/a>\n    <\/span>\n                <span class=\"feed-date\">\n        Ver\u00f6ffentlicht: 05-09-2026\n    <\/span>\n            \n        <\/div>\n\n        \n    <\/li>    <li class=\"wpra-item feed-item \">\n        <a href=\"https:\/\/news.google.com\/rss\/articles\/CBMiWkFVX3lxTE9xTmN4T0dlOS1kMy15TnVsTXI5RFFJTll0TVRXQ3NkVlNtNHZUYnBfcVR5ZUE4aFhBVDNfeGRGNjVuWWJTVnBvQkxwODdhWGFXbm9SUkdEMER4UQ?oc=5\" class=\"\" target=\"_blank\" rel=\"\" style=\"\">What happens next after Lindsay Clancy's murder case ends in a mistrial? - BBC<\/a>\n\n        <div class=\"wprss-feed-meta\">\n                <span class=\"feed-source\">\n        Quelle: <a href=\"https:\/\/news.google.com\/news\/rss\/headlines\/section\/geo\/Polen?hl=en&amp;gl=US&amp;ceid=US:en\" class=\"\" target=\"_blank\" rel=\"\" style=\"\">Google News - Thema Polen - en<\/a>\n    <\/span>\n                <span class=\"feed-date\">\n        Ver\u00f6ffentlicht: 05-09-2026\n    <\/span>\n            \n        <\/div>\n\n        \n    <\/li>    <li class=\"wpra-item feed-item \">\n        <a href=\"https:\/\/news.google.com\/rss\/articles\/CBMiswFBVV95cUxOa3ZzX3Q1T0tlRF9OX2VMWVc3T3RWbzZxTGhHbGVHVXhpbHRGSzBhbHVWSGhMeVoxb09TSXhncGMyYWlYUWxQQmZzQnN3MGhZeHN4V0czV0JTVTdLTmtCdHJzNzBQRHo5OU9hRDV6VkFOcDFpdC05YlhhYkF2LXhDd050WnIteHp5V0dzVk9VakRTNTJDUk1wZkNWQlEtOXJ1VVlrY0owd3NkdmNUekh4bWQ1RQ?oc=5\" class=\"\" target=\"_blank\" rel=\"\" style=\"\">Illinois mother charged with murder after killing 2-year-old, attempting to harm herself - NBC News<\/a>\n\n        <div class=\"wprss-feed-meta\">\n                <span class=\"feed-source\">\n        Quelle: <a href=\"https:\/\/news.google.com\/news\/rss\/headlines\/section\/geo\/Polen?hl=en&amp;gl=US&amp;ceid=US:en\" class=\"\" target=\"_blank\" rel=\"\" style=\"\">Google News - Thema Polen - en<\/a>\n    <\/span>\n                <span class=\"feed-date\">\n        Ver\u00f6ffentlicht: 05-09-2026\n    <\/span>\n            \n        <\/div>\n\n        \n    <\/li>    <li class=\"wpra-item feed-item \">\n        <a href=\"https:\/\/news.google.com\/rss\/articles\/CBMitgFBVV95cUxQbzl5azNTNFhMSVRKeFNEbTVyczd1a0lRVmFubnA2Rnh4UjdJVWdEUkVUb28yTEJ2a1pCUjh5YTZJNDhOUklwb0lEQVhLVFlCaTBnOWZmRENRU0o1UTAxOGpMczNFc3k2RVZ3eE12VVN5ZjhKMWdvM0F3MWdBQUoxQ1ZnODJ5Qnk5WEw0aHczZmQ5YXpGMldKQTBZeVF2REE5aFVuMDVFY0JzUmZIY1h0MzJ5Y2hsdw?oc=5\" class=\"\" target=\"_blank\" rel=\"\" style=\"\">Judge orders DOJ to disclose who conceived of now-defunct payout fund - The Washington Post<\/a>\n\n        <div class=\"wprss-feed-meta\">\n                <span class=\"feed-source\">\n        Quelle: <a href=\"https:\/\/news.google.com\/news\/rss\/headlines\/section\/geo\/Polen?hl=en&amp;gl=US&amp;ceid=US:en\" class=\"\" target=\"_blank\" rel=\"\" style=\"\">Google News - Thema Polen - en<\/a>\n    <\/span>\n                <span class=\"feed-date\">\n        Ver\u00f6ffentlicht: 05-09-2026\n    <\/span>\n            \n        <\/div>\n\n        \n    <\/li>    <li class=\"wpra-item feed-item \">\n        <a href=\"https:\/\/news.google.com\/rss\/articles\/CBMiqAFBVV95cUxOZXFNLUFEYXhxdUtuQU42V1B3YjBWbGtlLUJERXhUN3lLR0c5dDY0NHN1VTBYNnRwODc3UjNpQUJtZEhZV3g3Nkp5eTB4alJ5M1NOdmRpa3dSNU4yak9LQ2pBZF9EcjBpcW0ybzN0QlVIdDdyeEFTMkZLSmRleUZpa0YzeDV6REczbEU1U2s2NHoxbEVLVWtvQ1NFN0JpVlRoN1YwQ0h1R1c?oc=5\" class=\"\" target=\"_blank\" rel=\"\" style=\"\">Newly released Fetterman texts show a reluctance to perform constituent duties - CBS News<\/a>\n\n        <div class=\"wprss-feed-meta\">\n                <span class=\"feed-source\">\n        Quelle: <a href=\"https:\/\/news.google.com\/news\/rss\/headlines\/section\/geo\/Polen?hl=en&amp;gl=US&amp;ceid=US:en\" class=\"\" target=\"_blank\" rel=\"\" style=\"\">Google News - Thema Polen - en<\/a>\n    <\/span>\n                <span class=\"feed-date\">\n        Ver\u00f6ffentlicht: 05-09-2026\n    <\/span>\n            \n        <\/div>\n\n        \n    <\/li>    <li class=\"wpra-item feed-item \">\n        <a href=\"https:\/\/news.google.com\/rss\/articles\/CBMid0FVX3lxTFAtNFRrZF9xcjFyWWtQcU8wcktrV0xWV1gwZFRNel9sdkxaaW1EYU5jX1NfWnVSNGpFVEtkY2ExR2VwQkh5dXdTR0N2MTBkQVh1a0lhdWE5UHNwRnFwM29oaGtiamZVUjFOU2pFWkMtdjA1enlNazdz0gF8QVVfeXFMT0g0LUQwbVR3bGpIaDNTOEp1Y0s3RVBickJvU0dnWlhuQWRNN3VGckNneHZ1ckR2LWJiVEd6ZUxJMTRseldnd1JwTllaMmpkdmdzUnNYbGFoa1d4Z0IxSnk1ZDJYNGRLVDU5RFpSNU85eWY4ZWt6R3d2U2dFNQ?oc=5\" class=\"\" target=\"_blank\" rel=\"\" style=\"\">3 teens killed in Anaheim freeway crash - KTLA<\/a>\n\n        <div class=\"wprss-feed-meta\">\n                <span class=\"feed-source\">\n        Quelle: <a href=\"https:\/\/news.google.com\/news\/rss\/headlines\/section\/geo\/Polen?hl=en&amp;gl=US&amp;ceid=US:en\" class=\"\" target=\"_blank\" rel=\"\" style=\"\">Google News - Thema Polen - en<\/a>\n    <\/span>\n                <span class=\"feed-date\">\n        Ver\u00f6ffentlicht: 05-09-2026\n    <\/span>\n            \n        <\/div>\n\n        \n    <\/li>    <li class=\"wpra-item feed-item \">\n        <a href=\"https:\/\/news.google.com\/rss\/articles\/CBMiwAFBVV95cUxQQm9SQ01tU0RaRXlMTVJ3Y0MtN1k5M3p1dkZxb1lLOWRuN2FQLXVhd3RPaFVTMlZvMUZjN0x1U0ZmQVV2S01yZkxfU0NxRkxrNGVURUtqVkpaNlNoMXNYa0EyVTc0ZjJFa2pJbzRJTkN0VS1DdnctTUVkNGhmV0Z3aVd3YjlFd0NOa2VnTVE1TWJfenF1Nl96N1BnVUs1VVUwc0cwRDd6c3FhZXo0WWFnYVpWTVQ3aGd4RjJQM2N6SGg?oc=5\" class=\"\" target=\"_blank\" rel=\"\" style=\"\">In boost to GOP, Supreme Court says parties should get lower TV ad rates - The Washington Post<\/a>\n\n        <div class=\"wprss-feed-meta\">\n                <span class=\"feed-source\">\n        Quelle: <a href=\"https:\/\/news.google.com\/news\/rss\/headlines\/section\/geo\/Polen?hl=en&amp;gl=US&amp;ceid=US:en\" class=\"\" target=\"_blank\" rel=\"\" style=\"\">Google News - Thema Polen - en<\/a>\n    <\/span>\n                <span class=\"feed-date\">\n        Ver\u00f6ffentlicht: 05-09-2026\n    <\/span>\n            \n        <\/div>\n\n        \n    <\/li>    <li class=\"wpra-item feed-item \">\n        <a href=\"https:\/\/news.google.com\/rss\/articles\/CBMi0AFBVV95cUxNc3RQR1lmZVRPUU92VEx5RmRncE1wcW4yZXdOMXZkcmxLWWMzR3FKWWxpUHoyYmsyZEZlbWN6M0tOejVURE9wNy1wN0dabmwwTHgwcmw4YW1ITGktd2hFcW9SVExiZEsxNnhtZ09VYTVfZ1hZZVVDdzFxS2pEUUVMYXl5T0R1UGhGaE5zcUNpbUkxSU5wM3l3SHVLWGN3RjZyWmVkSTFDdkNHWUN5T0gtU18yd18tQk9KM0xScnZOZ2Q3dE9td1NmTk05ck1VZ2FB?oc=5\" class=\"\" target=\"_blank\" rel=\"\" style=\"\">Portland\u2019s I-5 closure will upend commutes for weeks. Here\u2019s how employers are preparing - OregonLive.com<\/a>\n\n        <div class=\"wprss-feed-meta\">\n                <span class=\"feed-source\">\n        Quelle: <a href=\"https:\/\/news.google.com\/news\/rss\/headlines\/section\/geo\/Polen?hl=en&amp;gl=US&amp;ceid=US:en\" class=\"\" target=\"_blank\" rel=\"\" style=\"\">Google News - Thema Polen - en<\/a>\n    <\/span>\n                <span class=\"feed-date\">\n        Ver\u00f6ffentlicht: 05-09-2026\n    <\/span>\n            \n        <\/div>\n\n        \n    <\/li>    <li class=\"wpra-item feed-item \">\n        <a href=\"https:\/\/news.google.com\/rss\/articles\/CBMivwFBVV95cUxPVUMzM0U2R1gzcG5ZSlNSZ3pkcDdqdkI5dDB5WmhoSUhqejh5c2pNMXp0OGlVM2V0bkY0WFJ3aERmX3E2Zi1SMk9MVmlFZGtNc0pBTGZfN2o5czFvMlZFQTVKVENEQnZJVlVVUHhob3lYaUc0RE80RHZOZ2xaa3pYenRDZ25HLWdNUnFFZE1KQ2daQ2RzWlRlanFaMUFVTVBJWnB3RXNhZ285R0Q2VmJxdkc1enZYTjNKQ1Q5d1prUQ?oc=5\" class=\"\" target=\"_blank\" rel=\"\" style=\"\">First lady Melania Trump will not attend the Republican midterm convention - The Washington Post<\/a>\n\n        <div class=\"wprss-feed-meta\">\n                <span class=\"feed-source\">\n        Quelle: <a href=\"https:\/\/news.google.com\/news\/rss\/headlines\/section\/geo\/Polen?hl=en&amp;gl=US&amp;ceid=US:en\" class=\"\" target=\"_blank\" rel=\"\" style=\"\">Google News - Thema Polen - en<\/a>\n    <\/span>\n                <span class=\"feed-date\">\n        Ver\u00f6ffentlicht: 05-09-2026\n    <\/span>\n            \n        <\/div>\n\n        \n    <\/li>    <li class=\"wpra-item feed-item \">\n        <a href=\"https:\/\/news.google.com\/rss\/articles\/CBMidEFVX3lxTE50ck1YN1Eya2xrVTZMOGZQMlB2ckhJbE9UVmJDcXBFYzYzVGhOZEotTEVuQ1R1MElhWk5wWmdoMHg4cWR1cV9WQXNXUXlhQTFmRzRvQ3AyM1JzMWM1ellGOTExU2dFYngwcUYweGk3U3VfSGFx?oc=5\" class=\"\" target=\"_blank\" rel=\"\" style=\"\">Trump envoys Witkoff and Kushner to travel to Moscow and Kyiv this weekend - Axios<\/a>\n\n        <div class=\"wprss-feed-meta\">\n                <span class=\"feed-source\">\n        Quelle: <a href=\"https:\/\/news.google.com\/news\/rss\/headlines\/section\/geo\/Polen?hl=en&amp;gl=US&amp;ceid=US:en\" class=\"\" target=\"_blank\" rel=\"\" style=\"\">Google News - Thema Polen - en<\/a>\n    <\/span>\n                <span class=\"feed-date\">\n        Ver\u00f6ffentlicht: 05-09-2026\n    <\/span>\n            \n        <\/div>\n\n        \n    <\/li>    <li class=\"wpra-item feed-item \">\n        <a href=\"https:\/\/news.google.com\/rss\/articles\/CBMitAFBVV95cUxNU2lMZm5uVndPZHpxOURLNFNaRjBGOWx1YjRYM1JHand0NDNaUHZsZ1JWcFhoTDc2OVJfb28ydzdkcW5OdjhsZGJpVnNUci1qbjl0aEVyZTl6NWg5T1YzcDE5dzh5eE96WW93bmduR2h3OHh3U3lHOXlIM1BKYkxmN3U2ci1fek0zQTFuR2trVHUtZ2tNRF9QelJPaWJSdlZZSWVoUWJrZkd1Q0x5WDF1TU1rWTU?oc=5\" class=\"\" target=\"_blank\" rel=\"\" style=\"\">ICE officer charged in Minnesota shooting released on bond - AP News<\/a>\n\n        <div class=\"wprss-feed-meta\">\n                <span class=\"feed-source\">\n        Quelle: <a href=\"https:\/\/news.google.com\/news\/rss\/headlines\/section\/geo\/Polen?hl=en&amp;gl=US&amp;ceid=US:en\" class=\"\" target=\"_blank\" rel=\"\" style=\"\">Google News - Thema Polen - en<\/a>\n    <\/span>\n                <span class=\"feed-date\">\n        Ver\u00f6ffentlicht: 05-09-2026\n    <\/span>\n            \n        <\/div>\n\n        \n    <\/li>\n        <\/ol>\n    <\/div> <\/div>\n<\/div>\n<hr \/>\n<!-- FeedbackWP Plugin --><div        class=\"rmp-widgets-container rmp-wp-plugin rmp-main-container js-rmp-widgets-container js-rmp-widgets-container--210648 \"        data-post-id=\"210648\">        <!-- Rating widget -->    <div class=\"rmp-rating-widget js-rmp-rating-widget\" role=\"group\" aria-labelledby=\"rmp-title-210648\">                    <p class=\"rmp-heading rmp-heading--title\" id=\"rmp-title-210648\">                How useful was this post?            <\/p>                            <p class=\"rmp-heading rmp-heading--subtitle\">                Click on a star to rate it!            <\/p>                <div class=\"rmp-rating-widget__icons\">            <ul class=\"rmp-rating-widget__icons-list js-rmp-rating-icons-list\" role=\"radiogroup\" aria-label=\"Rating from 1 to 5\">                                                        <li                            class=\"rmp-rating-widget__icons-list__icon js-rmp-rating-item\"                            data-descriptive-rating=\"Not at all useful\"                            data-value=\"1\"                            role=\"radio\"                            aria-checked=\"false\"                            aria-label=\"1 out of 5: Not at all useful\"                            tabindex=\"0\"                    >                        <i class=\"js-rmp-rating-icon rmp-icon rmp-icon--ratings rmp-icon--star \" aria-hidden=\"true\"><\/i>                    <\/li>                                                        <li                            class=\"rmp-rating-widget__icons-list__icon js-rmp-rating-item\"                            data-descriptive-rating=\"Somewhat useful\"                            data-value=\"2\"                            role=\"radio\"                            aria-checked=\"false\"                            aria-label=\"2 out of 5: Somewhat useful\"                            tabindex=\"-1\"                    >                        <i class=\"js-rmp-rating-icon rmp-icon rmp-icon--ratings rmp-icon--star \" aria-hidden=\"true\"><\/i>                    <\/li>                                                        <li                            class=\"rmp-rating-widget__icons-list__icon js-rmp-rating-item\"                            data-descriptive-rating=\"Useful\"                            data-value=\"3\"                            role=\"radio\"                            aria-checked=\"false\"                            aria-label=\"3 out of 5: Useful\"                            tabindex=\"-1\"                    >                        <i class=\"js-rmp-rating-icon rmp-icon rmp-icon--ratings rmp-icon--star \" aria-hidden=\"true\"><\/i>                    <\/li>                                                        <li                            class=\"rmp-rating-widget__icons-list__icon js-rmp-rating-item\"                            data-descriptive-rating=\"Fairly useful\"                            data-value=\"4\"                            role=\"radio\"                            aria-checked=\"false\"                            aria-label=\"4 out of 5: Fairly useful\"                            tabindex=\"-1\"                    >                        <i class=\"js-rmp-rating-icon rmp-icon rmp-icon--ratings rmp-icon--star \" aria-hidden=\"true\"><\/i>                    <\/li>                                                        <li                            class=\"rmp-rating-widget__icons-list__icon js-rmp-rating-item\"                            data-descriptive-rating=\"Very useful\"                            data-value=\"5\"                            role=\"radio\"                            aria-checked=\"false\"                            aria-label=\"5 out of 5: Very useful\"                            tabindex=\"-1\"                    >                        <i class=\"js-rmp-rating-icon rmp-icon rmp-icon--ratings rmp-icon--star \" aria-hidden=\"true\"><\/i>                    <\/li>                            <\/ul>        <\/div>        <p class=\"rmp-rating-widget__hover-text js-rmp-hover-text\" aria-live=\"polite\"><\/p>                <button class=\"rmp-rating-widget__submit-btn rmp-btn js-submit-rating-btn\">            Submit Rating        <\/button>        <div aria-live=\"polite\" aria-atomic=\"true\">            <p class=\"rmp-rating-widget__results js-rmp-results rmp-rating-widget__results--hidden\">                            <\/p>            <p class=\"rmp-rating-widget__not-rated js-rmp-not-rated \">                            <\/p>            <p class=\"rmp-rating-widget__msg js-rmp-msg\" role=\"status\"><\/p>        <\/div>    <\/div>    <!--Structured data -->                <\/div>\n<p>&nbsp;<\/p>\n<div class=\"shariff\"><ul class=\"shariff-buttons theme-default orientation-horizontal buttonsize-medium\"><li class=\"shariff-button mastodon shariff-nocustomcolor\" style=\"background-color:#563ACC\"><a href=\"https:\/\/s2f.kytta.dev\/?text=Debate%3A%20Municipal%20Charter%20of%20Family%20Rights%20%26%20Resolution%20%E2%80%9CLGBT%20Ideology-Free%20Zone%E2%80%9D%20vs.%20Warsaw%20LGBT%2B%20Declaration https%3A%2F%2Fpartnerschaftsverein-adelebsen.de%2Fen%2Fdebatte-charta-familienrechte-vs-lgbt-erklaerung\" title=\"Share on Mastodon\" aria-label=\"Share on Mastodon\" role=\"button\" rel=\"noopener nofollow\" class=\"shariff-link\" style=\"; background-color:#6364FF; color:#fff\" target=\"_blank\"><span class=\"shariff-icon\" style=\"\"><svg width=\"75\" height=\"79\" viewBox=\"0 0 75 79\" fill=\"none\" xmlns=\"http:\/\/www.w3.org\/2000\/svg\"><path d=\"M37.813-.025C32.462-.058 27.114.13 21.79.598c-8.544.621-17.214 5.58-20.203 13.931C-1.12 23.318.408 32.622.465 41.65c.375 7.316.943 14.78 3.392 21.73 4.365 9.465 14.781 14.537 24.782 15.385 7.64.698 15.761-.213 22.517-4.026a54.1 54.1 0 0 0 .01-6.232c-6.855 1.316-14.101 2.609-21.049 1.074-3.883-.88-6.876-4.237-7.25-8.215-1.53-3.988 3.78-.43 5.584-.883 9.048 1.224 18.282.776 27.303-.462 7.044-.837 14.26-4.788 16.65-11.833 2.263-6.135 1.215-12.79 1.698-19.177.06-3.84.09-7.692-.262-11.52C72.596 7.844 63.223.981 53.834.684a219.453 219.453 0 0 0-16.022-.71zm11.294 12.882c5.5-.067 10.801 4.143 11.67 9.653.338 1.48.471 3 .471 4.515v21.088h-8.357c-.07-7.588.153-15.182-.131-22.765-.587-4.368-7.04-5.747-9.672-2.397-2.422 3.04-1.47 7.155-1.67 10.735v6.392h-8.307c-.146-4.996.359-10.045-.404-15.002-1.108-4.218-7.809-5.565-10.094-1.666-1.685 3.046-.712 6.634-.976 9.936v14.767h-8.354c.109-8.165-.238-16.344.215-24.5.674-5.346 5.095-10.389 10.676-10.627 4.902-.739 10.103 2.038 12.053 6.631.375 1.435 1.76 1.932 1.994.084 1.844-3.704 5.501-6.739 9.785-6.771.367-.044.735-.068 1.101-.073z\"\/><defs><linearGradient id=\"paint0_linear_549_34\" x1=\"37.0692\" y1=\"0\" x2=\"37.0692\" y2=\"79\" gradientUnits=\"userSpaceOnUse\"><stop stop-color=\"#6364FF\"\/><stop offset=\"1\" stop-color=\"#563ACC\"\/><\/linearGradient><\/defs><\/svg><\/span><span class=\"shariff-text\">share<\/span>&nbsp;<\/a><\/li><li class=\"shariff-button facebook shariff-nocustomcolor\" style=\"background-color:#4273c8\"><a href=\"https:\/\/www.facebook.com\/sharer\/sharer.php?u=https%3A%2F%2Fpartnerschaftsverein-adelebsen.de%2Fen%2Fdebatte-charta-familienrechte-vs-lgbt-erklaerung\" title=\"Share on Facebook\" aria-label=\"Share on Facebook\" role=\"button\" rel=\"nofollow\" class=\"shariff-link\" style=\"; background-color:#3b5998; color:#fff\" target=\"_blank\"><span class=\"shariff-icon\" style=\"\"><svg width=\"32px\" height=\"20px\" xmlns=\"http:\/\/www.w3.org\/2000\/svg\" viewBox=\"0 0 18 32\"><path fill=\"#3b5998\" d=\"M17.1 0.2v4.7h-2.8q-1.5 0-2.1 0.6t-0.5 1.9v3.4h5.2l-0.7 5.3h-4.5v13.6h-5.5v-13.6h-4.5v-5.3h4.5v-3.9q0-3.3 1.9-5.2t5-1.8q2.6 0 4.1 0.2z\"\/><\/svg><\/span><span class=\"shariff-text\">share<\/span>&nbsp;<\/a><\/li><li class=\"shariff-button linkedin shariff-nocustomcolor\" style=\"background-color:#1488bf\"><a href=\"https:\/\/www.linkedin.com\/sharing\/share-offsite\/?url=https%3A%2F%2Fpartnerschaftsverein-adelebsen.de%2Fen%2Fdebatte-charta-familienrechte-vs-lgbt-erklaerung\" title=\"Share on LinkedIn\" aria-label=\"Share on LinkedIn\" role=\"button\" rel=\"noopener nofollow\" class=\"shariff-link\" style=\"; background-color:#0077b5; color:#fff\" target=\"_blank\"><span class=\"shariff-icon\" style=\"\"><svg width=\"32px\" height=\"20px\" xmlns=\"http:\/\/www.w3.org\/2000\/svg\" viewBox=\"0 0 27 32\"><path fill=\"#0077b5\" d=\"M6.2 11.2v17.7h-5.9v-17.7h5.9zM6.6 5.7q0 1.3-0.9 2.2t-2.4 0.9h0q-1.5 0-2.4-0.9t-0.9-2.2 0.9-2.2 2.4-0.9 2.4 0.9 0.9 2.2zM27.4 18.7v10.1h-5.9v-9.5q0-1.9-0.7-2.9t-2.3-1.1q-1.1 0-1.9 0.6t-1.2 1.5q-0.2 0.5-0.2 1.4v9.9h-5.9q0-7.1 0-11.6t0-5.3l0-0.9h5.9v2.6h0q0.4-0.6 0.7-1t1-0.9 1.6-0.8 2-0.3q3 0 4.9 2t1.9 6z\"\/><\/svg><\/span><span class=\"shariff-text\">share<\/span>&nbsp;<\/a><\/li><li class=\"shariff-button info shariff-nocustomcolor\" style=\"background-color:#eee\"><a href=\"http:\/\/ct.de\/-2467514\" title=\"More information\" aria-label=\"More information\" role=\"button\" rel=\"noopener \" class=\"shariff-link\" style=\"; background-color:#fff; color:#fff\" target=\"_blank\"><span class=\"shariff-icon\" style=\"\"><svg width=\"32px\" height=\"20px\" xmlns=\"http:\/\/www.w3.org\/2000\/svg\" viewBox=\"0 0 11 32\"><path fill=\"#999\" d=\"M11.4 24v2.3q0 0.5-0.3 0.8t-0.8 0.4h-9.1q-0.5 0-0.8-0.4t-0.4-0.8v-2.3q0-0.5 0.4-0.8t0.8-0.4h1.1v-6.8h-1.1q-0.5 0-0.8-0.4t-0.4-0.8v-2.3q0-0.5 0.4-0.8t0.8-0.4h6.8q0.5 0 0.8 0.4t0.4 0.8v10.3h1.1q0.5 0 0.8 0.4t0.3 0.8zM9.2 3.4v3.4q0 0.5-0.4 0.8t-0.8 0.4h-4.6q-0.4 0-0.8-0.4t-0.4-0.8v-3.4q0-0.4 0.4-0.8t0.8-0.4h4.6q0.5 0 0.8 0.4t0.4 0.8z\"\/><\/svg><\/span><\/a><\/li><\/ul><\/div>","protected":false},"excerpt":{"rendered":"<p>Die Debatte \u00fcber die \u201eCharta der Selbstverwaltung \u00fcber die Rechte der Familien\u201c (Samorz\u0105dowa Karta Praw Rodziny) und die Resolution \u201eLGBT-Ideologiefreie Zone\u201c (wolne od ideologii \u201eLGBT\u201d)  zeigt den Konflikt zweier Verst\u00e4ndnisse von Gesellschaft wie unter einem Brennglas &#8230; <a class=\"more-link\" href=\"https:\/\/partnerschaftsverein-adelebsen.de\/en\/debatte-charta-familienrechte-vs-lgbt-erklaerung\">weiterlesen&#8230;<\/a><\/p>\n","protected":false},"author":2,"featured_media":289830,"comment_status":"open","ping_status":"open","sticky":false,"template":"","format":"standard","meta":{"footnotes":""},"categories":[17,49,14,23,60,22],"tags":[],"class_list":["post-210648","post","type-post","status-publish","format-standard","has-post-thumbnail","hentry","category-austausch","category-debatte","category-partnerschaftsverein","category-polen","category-seiten-zu-deutsch-polnischen-themen-und-nachrichten-aus-wielun-und-adelebsen","category-wielun"],"yoast_head":"<!-- This site is optimized with the Yoast SEO plugin v28.4 - https:\/\/yoast.com\/product\/yoast-seo-wordpress\/ -->\n<title>Debate: Municipal Charter of Family Rights &amp; Resolution &quot;LGBT Ideology-Free Zone&quot; vs. Warsaw LGBT+ Declaration - Partnership Ostrowek, Wielun &amp; Adelebsen<\/title>\n<meta name=\"description\" content=\"Offenheit gegen Tradition - Ein Streit in Polen und mit den Partnern um verschiedene Verst\u00e4ndnisse von Gesellschaft\" \/>\n<meta name=\"robots\" content=\"index, follow, max-snippet:-1, max-image-preview:large, max-video-preview:-1\" \/>\n<link rel=\"canonical\" href=\"https:\/\/partnerschaftsverein-adelebsen.de\/en\/debatte-charta-familienrechte-vs-lgbt-erklaerung\" \/>\n<meta property=\"og:locale\" content=\"en_US\" \/>\n<meta property=\"og:type\" content=\"article\" \/>\n<meta property=\"og:title\" content=\"Debate: Municipal Charter of Family Rights &amp; Resolution &quot;LGBT Ideology-Free Zone&quot; vs. Warsaw LGBT+ Declaration - Partnership Ostrowek, Wielun &amp; Adelebsen\" \/>\n<meta property=\"og:description\" content=\"Offenheit gegen Tradition - Ein Streit in Polen und mit den Partnern um verschiedene Verst\u00e4ndnisse von Gesellschaft\" \/>\n<meta property=\"og:url\" content=\"https:\/\/partnerschaftsverein-adelebsen.de\/en\/debatte-charta-familienrechte-vs-lgbt-erklaerung\" \/>\n<meta property=\"og:site_name\" content=\"Partnership Ostrowek, Wielun &amp; Adelebsen\" \/>\n<meta property=\"article:publisher\" content=\"https:\/\/www.facebook.com\/groups\/Partnerschaftsverein.Adelebsen\/\" \/>\n<meta property=\"article:published_time\" content=\"2021-11-07T11:00:58+00:00\" \/>\n<meta property=\"article:modified_time\" content=\"2025-06-18T08:54:28+00:00\" \/>\n<meta property=\"og:image\" content=\"https:\/\/partnerschaftsverein-adelebsen.de\/wp-content\/uploads\/2020\/06\/LGBT_w_500.jpg\" \/>\n\t<meta property=\"og:image:width\" content=\"500\" \/>\n\t<meta property=\"og:image:height\" content=\"500\" \/>\n\t<meta property=\"og:image:type\" content=\"image\/jpeg\" \/>\n<meta name=\"author\" content=\"Redaktion\" \/>\n<meta name=\"twitter:card\" content=\"summary_large_image\" \/>\n<meta name=\"twitter:label1\" content=\"Written by\" \/>\n\t<meta name=\"twitter:data1\" content=\"Redaktion\" \/>\n\t<meta name=\"twitter:label2\" content=\"Est. reading time\" \/>\n\t<meta name=\"twitter:data2\" content=\"22 minutes\" \/>\n<script type=\"application\/ld+json\" class=\"yoast-schema-graph\">{\"@context\":\"https:\\\/\\\/schema.org\",\"@graph\":[{\"@type\":\"Article\",\"@id\":\"https:\\\/\\\/partnerschaftsverein-adelebsen.de\\\/en\\\/debatte-charta-familienrechte-vs-lgbt-erklaerung#article\",\"isPartOf\":{\"@id\":\"https:\\\/\\\/partnerschaftsverein-adelebsen.de\\\/en\\\/debatte-charta-familienrechte-vs-lgbt-erklaerung\"},\"author\":{\"name\":\"Redaktion\",\"@id\":\"https:\\\/\\\/partnerschaftsverein-adelebsen.de\\\/#\\\/schema\\\/person\\\/bab091e93b111d8d5afd64f42100541a\"},\"headline\":\"Debate: Municipal Charter of Family Rights &#038; Resolution &#8220;LGBT Ideology-Free Zone&#8221; vs. Warsaw LGBT+ Declaration\",\"datePublished\":\"2021-11-07T11:00:58+00:00\",\"dateModified\":\"2025-06-18T08:54:28+00:00\",\"mainEntityOfPage\":{\"@id\":\"https:\\\/\\\/partnerschaftsverein-adelebsen.de\\\/en\\\/debatte-charta-familienrechte-vs-lgbt-erklaerung\"},\"wordCount\":13494,\"commentCount\":3,\"publisher\":{\"@id\":\"https:\\\/\\\/partnerschaftsverein-adelebsen.de\\\/#organization\"},\"image\":{\"@id\":\"https:\\\/\\\/partnerschaftsverein-adelebsen.de\\\/en\\\/debatte-charta-familienrechte-vs-lgbt-erklaerung#primaryimage\"},\"thumbnailUrl\":\"https:\\\/\\\/partnerschaftsverein-adelebsen.de\\\/wp-content\\\/uploads\\\/2020\\\/06\\\/LGBT_w_500.jpg\",\"articleSection\":[\"Austausch\",\"Debatte\",\"Partnerschaftsverein\",\"Polen\",\"Seiten zu deutsch-polnischen Themen und Nachrichten aus Wielu\u0144 und Adelebsen\",\"Wielun\"],\"inLanguage\":\"en-US\",\"potentialAction\":[{\"@type\":\"CommentAction\",\"name\":\"Comment\",\"target\":[\"https:\\\/\\\/partnerschaftsverein-adelebsen.de\\\/en\\\/debatte-charta-familienrechte-vs-lgbt-erklaerung#respond\"]}]},{\"@type\":\"WebPage\",\"@id\":\"https:\\\/\\\/partnerschaftsverein-adelebsen.de\\\/en\\\/debatte-charta-familienrechte-vs-lgbt-erklaerung\",\"url\":\"https:\\\/\\\/partnerschaftsverein-adelebsen.de\\\/en\\\/debatte-charta-familienrechte-vs-lgbt-erklaerung\",\"name\":\"Debate: Municipal Charter of Family Rights & Resolution \\\"LGBT Ideology-Free Zone\\\" vs. Warsaw LGBT+ Declaration - Partnership Ostrowek, Wielun &amp; Adelebsen\",\"isPartOf\":{\"@id\":\"https:\\\/\\\/partnerschaftsverein-adelebsen.de\\\/en\\\/#website\"},\"primaryImageOfPage\":{\"@id\":\"https:\\\/\\\/partnerschaftsverein-adelebsen.de\\\/en\\\/debatte-charta-familienrechte-vs-lgbt-erklaerung#primaryimage\"},\"image\":{\"@id\":\"https:\\\/\\\/partnerschaftsverein-adelebsen.de\\\/en\\\/debatte-charta-familienrechte-vs-lgbt-erklaerung#primaryimage\"},\"thumbnailUrl\":\"https:\\\/\\\/partnerschaftsverein-adelebsen.de\\\/wp-content\\\/uploads\\\/2020\\\/06\\\/LGBT_w_500.jpg\",\"datePublished\":\"2021-11-07T11:00:58+00:00\",\"dateModified\":\"2025-06-18T08:54:28+00:00\",\"description\":\"Offenheit gegen Tradition - Ein Streit in Polen und mit den Partnern um verschiedene Verst\u00e4ndnisse von Gesellschaft\",\"breadcrumb\":{\"@id\":\"https:\\\/\\\/partnerschaftsverein-adelebsen.de\\\/en\\\/debatte-charta-familienrechte-vs-lgbt-erklaerung#breadcrumb\"},\"inLanguage\":\"en-US\",\"potentialAction\":[{\"@type\":\"ReadAction\",\"target\":[[\"https:\\\/\\\/partnerschaftsverein-adelebsen.de\\\/en\\\/debatte-charta-familienrechte-vs-lgbt-erklaerung\"]]}]},{\"@type\":\"ImageObject\",\"inLanguage\":\"en-US\",\"@id\":\"https:\\\/\\\/partnerschaftsverein-adelebsen.de\\\/en\\\/debatte-charta-familienrechte-vs-lgbt-erklaerung#primaryimage\",\"url\":\"https:\\\/\\\/partnerschaftsverein-adelebsen.de\\\/wp-content\\\/uploads\\\/2020\\\/06\\\/LGBT_w_500.jpg\",\"contentUrl\":\"https:\\\/\\\/partnerschaftsverein-adelebsen.de\\\/wp-content\\\/uploads\\\/2020\\\/06\\\/LGBT_w_500.jpg\",\"width\":500,\"height\":500},{\"@type\":\"BreadcrumbList\",\"@id\":\"https:\\\/\\\/partnerschaftsverein-adelebsen.de\\\/en\\\/debatte-charta-familienrechte-vs-lgbt-erklaerung#breadcrumb\",\"itemListElement\":[{\"@type\":\"ListItem\",\"position\":1,\"name\":\"Startseite\",\"item\":\"https:\\\/\\\/partnerschaftsverein-adelebsen.de\\\/en\\\/\"},{\"@type\":\"ListItem\",\"position\":2,\"name\":\"Debate: Municipal Charter of Family Rights &#038; Resolution &#8220;LGBT Ideology-Free Zone&#8221; vs. Warsaw LGBT+ Declaration\"}]},{\"@type\":\"WebSite\",\"@id\":\"https:\\\/\\\/partnerschaftsverein-adelebsen.de\\\/en\\\/#website\",\"url\":\"https:\\\/\\\/partnerschaftsverein-adelebsen.de\\\/en\\\/\",\"name\":\"Partnership Ostrowek, Wielun &amp; Adelebsen\",\"description\":\"Partnership association Adelebsen\",\"publisher\":{\"@id\":\"https:\\\/\\\/partnerschaftsverein-adelebsen.de\\\/en\\\/#organization\"},\"potentialAction\":[{\"@type\":\"SearchAction\",\"target\":{\"@type\":\"EntryPoint\",\"urlTemplate\":\"https:\\\/\\\/partnerschaftsverein-adelebsen.de\\\/en\\\/?s={search_term_string}\"},\"query-input\":{\"@type\":\"PropertyValueSpecification\",\"valueRequired\":true,\"valueName\":\"search_term_string\"}}],\"inLanguage\":\"en-US\"},{\"@type\":\"Organization\",\"@id\":\"https:\\\/\\\/partnerschaftsverein-adelebsen.de\\\/en\\\/#organization\",\"name\":\"F\u00f6rderverein der Partnerschaften Ostrowek, Wielun und Adelebsen e.V.\",\"url\":\"https:\\\/\\\/partnerschaftsverein-adelebsen.de\\\/en\\\/\",\"logo\":{\"@type\":\"ImageObject\",\"inLanguage\":\"en-US\",\"@id\":\"https:\\\/\\\/partnerschaftsverein-adelebsen.de\\\/en\\\/#\\\/schema\\\/logo\\\/image\\\/\",\"url\":\"https:\\\/\\\/partnerschaftsverein-adelebsen.de\\\/wp-content\\\/uploads\\\/2016\\\/08\\\/pv-logo-06.png\",\"contentUrl\":\"https:\\\/\\\/partnerschaftsverein-adelebsen.de\\\/wp-content\\\/uploads\\\/2016\\\/08\\\/pv-logo-06.png\",\"width\":544,\"height\":674,\"caption\":\"F\u00f6rderverein der Partnerschaften Ostrowek, Wielun und Adelebsen e.V.\"},\"image\":{\"@id\":\"https:\\\/\\\/partnerschaftsverein-adelebsen.de\\\/en\\\/#\\\/schema\\\/logo\\\/image\\\/\"},\"sameAs\":[\"https:\\\/\\\/www.facebook.com\\\/groups\\\/Partnerschaftsverein.Adelebsen\\\/\"]},{\"@type\":\"Person\",\"@id\":\"https:\\\/\\\/partnerschaftsverein-adelebsen.de\\\/#\\\/schema\\\/person\\\/bab091e93b111d8d5afd64f42100541a\",\"name\":\"Redaktion\",\"image\":{\"@type\":\"ImageObject\",\"inLanguage\":\"en-US\",\"@id\":\"https:\\\/\\\/secure.gravatar.com\\\/avatar\\\/13de98f03b2bcf18f40f04d5aa452a922c72047c6c1fe230a5ee80361788e7d8?s=96&d=mm&r=g\",\"url\":\"https:\\\/\\\/secure.gravatar.com\\\/avatar\\\/13de98f03b2bcf18f40f04d5aa452a922c72047c6c1fe230a5ee80361788e7d8?s=96&d=mm&r=g\",\"contentUrl\":\"https:\\\/\\\/secure.gravatar.com\\\/avatar\\\/13de98f03b2bcf18f40f04d5aa452a922c72047c6c1fe230a5ee80361788e7d8?s=96&d=mm&r=g\",\"caption\":\"Redaktion\"},\"url\":\"https:\\\/\\\/partnerschaftsverein-adelebsen.de\\\/en\\\/author\\\/redaktion\"}]}<\/script>\n<!-- \/ Yoast SEO plugin. -->","yoast_head_json":{"title":"Debate: Municipal Charter of Family Rights & Resolution \"LGBT Ideology-Free Zone\" vs. Warsaw LGBT+ Declaration - Partnership Ostrowek, Wielun &amp; Adelebsen","description":"Offenheit gegen Tradition - Ein Streit in Polen und mit den Partnern um verschiedene Verst\u00e4ndnisse von Gesellschaft","robots":{"index":"index","follow":"follow","max-snippet":"max-snippet:-1","max-image-preview":"max-image-preview:large","max-video-preview":"max-video-preview:-1"},"canonical":"https:\/\/partnerschaftsverein-adelebsen.de\/en\/debatte-charta-familienrechte-vs-lgbt-erklaerung","og_locale":"en_US","og_type":"article","og_title":"Debate: Municipal Charter of Family Rights & Resolution \"LGBT Ideology-Free Zone\" vs. Warsaw LGBT+ Declaration - Partnership Ostrowek, Wielun &amp; Adelebsen","og_description":"Offenheit gegen Tradition - Ein Streit in Polen und mit den Partnern um verschiedene Verst\u00e4ndnisse von Gesellschaft","og_url":"https:\/\/partnerschaftsverein-adelebsen.de\/en\/debatte-charta-familienrechte-vs-lgbt-erklaerung","og_site_name":"Partnership Ostrowek, Wielun &amp; Adelebsen","article_publisher":"https:\/\/www.facebook.com\/groups\/Partnerschaftsverein.Adelebsen\/","article_published_time":"2021-11-07T11:00:58+00:00","article_modified_time":"2025-06-18T08:54:28+00:00","og_image":[{"width":500,"height":500,"url":"https:\/\/partnerschaftsverein-adelebsen.de\/wp-content\/uploads\/2020\/06\/LGBT_w_500.jpg","type":"image\/jpeg"}],"author":"Redaktion","twitter_card":"summary_large_image","twitter_misc":{"Written by":"Redaktion","Est. reading time":"22 minutes"},"schema":{"@context":"https:\/\/schema.org","@graph":[{"@type":"Article","@id":"https:\/\/partnerschaftsverein-adelebsen.de\/en\/debatte-charta-familienrechte-vs-lgbt-erklaerung#article","isPartOf":{"@id":"https:\/\/partnerschaftsverein-adelebsen.de\/en\/debatte-charta-familienrechte-vs-lgbt-erklaerung"},"author":{"name":"Redaktion","@id":"https:\/\/partnerschaftsverein-adelebsen.de\/#\/schema\/person\/bab091e93b111d8d5afd64f42100541a"},"headline":"Debate: Municipal Charter of Family Rights &#038; Resolution &#8220;LGBT Ideology-Free Zone&#8221; vs. Warsaw LGBT+ Declaration","datePublished":"2021-11-07T11:00:58+00:00","dateModified":"2025-06-18T08:54:28+00:00","mainEntityOfPage":{"@id":"https:\/\/partnerschaftsverein-adelebsen.de\/en\/debatte-charta-familienrechte-vs-lgbt-erklaerung"},"wordCount":13494,"commentCount":3,"publisher":{"@id":"https:\/\/partnerschaftsverein-adelebsen.de\/#organization"},"image":{"@id":"https:\/\/partnerschaftsverein-adelebsen.de\/en\/debatte-charta-familienrechte-vs-lgbt-erklaerung#primaryimage"},"thumbnailUrl":"https:\/\/partnerschaftsverein-adelebsen.de\/wp-content\/uploads\/2020\/06\/LGBT_w_500.jpg","articleSection":["Austausch","Debatte","Partnerschaftsverein","Polen","Seiten zu deutsch-polnischen Themen und Nachrichten aus Wielu\u0144 und Adelebsen","Wielun"],"inLanguage":"en-US","potentialAction":[{"@type":"CommentAction","name":"Comment","target":["https:\/\/partnerschaftsverein-adelebsen.de\/en\/debatte-charta-familienrechte-vs-lgbt-erklaerung#respond"]}]},{"@type":"WebPage","@id":"https:\/\/partnerschaftsverein-adelebsen.de\/en\/debatte-charta-familienrechte-vs-lgbt-erklaerung","url":"https:\/\/partnerschaftsverein-adelebsen.de\/en\/debatte-charta-familienrechte-vs-lgbt-erklaerung","name":"Debate: Municipal Charter of Family Rights & Resolution \"LGBT Ideology-Free Zone\" vs. Warsaw LGBT+ Declaration - Partnership Ostrowek, Wielun &amp; Adelebsen","isPartOf":{"@id":"https:\/\/partnerschaftsverein-adelebsen.de\/en\/#website"},"primaryImageOfPage":{"@id":"https:\/\/partnerschaftsverein-adelebsen.de\/en\/debatte-charta-familienrechte-vs-lgbt-erklaerung#primaryimage"},"image":{"@id":"https:\/\/partnerschaftsverein-adelebsen.de\/en\/debatte-charta-familienrechte-vs-lgbt-erklaerung#primaryimage"},"thumbnailUrl":"https:\/\/partnerschaftsverein-adelebsen.de\/wp-content\/uploads\/2020\/06\/LGBT_w_500.jpg","datePublished":"2021-11-07T11:00:58+00:00","dateModified":"2025-06-18T08:54:28+00:00","description":"Offenheit gegen Tradition - Ein Streit in Polen und mit den Partnern um verschiedene Verst\u00e4ndnisse von Gesellschaft","breadcrumb":{"@id":"https:\/\/partnerschaftsverein-adelebsen.de\/en\/debatte-charta-familienrechte-vs-lgbt-erklaerung#breadcrumb"},"inLanguage":"en-US","potentialAction":[{"@type":"ReadAction","target":[["https:\/\/partnerschaftsverein-adelebsen.de\/en\/debatte-charta-familienrechte-vs-lgbt-erklaerung"]]}]},{"@type":"ImageObject","inLanguage":"en-US","@id":"https:\/\/partnerschaftsverein-adelebsen.de\/en\/debatte-charta-familienrechte-vs-lgbt-erklaerung#primaryimage","url":"https:\/\/partnerschaftsverein-adelebsen.de\/wp-content\/uploads\/2020\/06\/LGBT_w_500.jpg","contentUrl":"https:\/\/partnerschaftsverein-adelebsen.de\/wp-content\/uploads\/2020\/06\/LGBT_w_500.jpg","width":500,"height":500},{"@type":"BreadcrumbList","@id":"https:\/\/partnerschaftsverein-adelebsen.de\/en\/debatte-charta-familienrechte-vs-lgbt-erklaerung#breadcrumb","itemListElement":[{"@type":"ListItem","position":1,"name":"Startseite","item":"https:\/\/partnerschaftsverein-adelebsen.de\/en\/"},{"@type":"ListItem","position":2,"name":"Debate: Municipal Charter of Family Rights &#038; Resolution &#8220;LGBT Ideology-Free Zone&#8221; vs. Warsaw LGBT+ Declaration"}]},{"@type":"WebSite","@id":"https:\/\/partnerschaftsverein-adelebsen.de\/en\/#website","url":"https:\/\/partnerschaftsverein-adelebsen.de\/en\/","name":"Partnership Ostrowek, Wielun &amp; Adelebsen","description":"Partnership association Adelebsen","publisher":{"@id":"https:\/\/partnerschaftsverein-adelebsen.de\/en\/#organization"},"potentialAction":[{"@type":"SearchAction","target":{"@type":"EntryPoint","urlTemplate":"https:\/\/partnerschaftsverein-adelebsen.de\/en\/?s={search_term_string}"},"query-input":{"@type":"PropertyValueSpecification","valueRequired":true,"valueName":"search_term_string"}}],"inLanguage":"en-US"},{"@type":"Organization","@id":"https:\/\/partnerschaftsverein-adelebsen.de\/en\/#organization","name":"F\u00f6rderverein der Partnerschaften Ostrowek, Wielun und Adelebsen e.V.","url":"https:\/\/partnerschaftsverein-adelebsen.de\/en\/","logo":{"@type":"ImageObject","inLanguage":"en-US","@id":"https:\/\/partnerschaftsverein-adelebsen.de\/en\/#\/schema\/logo\/image\/","url":"https:\/\/partnerschaftsverein-adelebsen.de\/wp-content\/uploads\/2016\/08\/pv-logo-06.png","contentUrl":"https:\/\/partnerschaftsverein-adelebsen.de\/wp-content\/uploads\/2016\/08\/pv-logo-06.png","width":544,"height":674,"caption":"F\u00f6rderverein der Partnerschaften Ostrowek, Wielun und Adelebsen e.V."},"image":{"@id":"https:\/\/partnerschaftsverein-adelebsen.de\/en\/#\/schema\/logo\/image\/"},"sameAs":["https:\/\/www.facebook.com\/groups\/Partnerschaftsverein.Adelebsen\/"]},{"@type":"Person","@id":"https:\/\/partnerschaftsverein-adelebsen.de\/#\/schema\/person\/bab091e93b111d8d5afd64f42100541a","name":"Redaktion","image":{"@type":"ImageObject","inLanguage":"en-US","@id":"https:\/\/secure.gravatar.com\/avatar\/13de98f03b2bcf18f40f04d5aa452a922c72047c6c1fe230a5ee80361788e7d8?s=96&d=mm&r=g","url":"https:\/\/secure.gravatar.com\/avatar\/13de98f03b2bcf18f40f04d5aa452a922c72047c6c1fe230a5ee80361788e7d8?s=96&d=mm&r=g","contentUrl":"https:\/\/secure.gravatar.com\/avatar\/13de98f03b2bcf18f40f04d5aa452a922c72047c6c1fe230a5ee80361788e7d8?s=96&d=mm&r=g","caption":"Redaktion"},"url":"https:\/\/partnerschaftsverein-adelebsen.de\/en\/author\/redaktion"}]}},"_links":{"self":[{"href":"https:\/\/partnerschaftsverein-adelebsen.de\/en\/wp-json\/wp\/v2\/posts\/210648","targetHints":{"allow":["GET"]}}],"collection":[{"href":"https:\/\/partnerschaftsverein-adelebsen.de\/en\/wp-json\/wp\/v2\/posts"}],"about":[{"href":"https:\/\/partnerschaftsverein-adelebsen.de\/en\/wp-json\/wp\/v2\/types\/post"}],"author":[{"embeddable":true,"href":"https:\/\/partnerschaftsverein-adelebsen.de\/en\/wp-json\/wp\/v2\/users\/2"}],"replies":[{"embeddable":true,"href":"https:\/\/partnerschaftsverein-adelebsen.de\/en\/wp-json\/wp\/v2\/comments?post=210648"}],"version-history":[{"count":40,"href":"https:\/\/partnerschaftsverein-adelebsen.de\/en\/wp-json\/wp\/v2\/posts\/210648\/revisions"}],"predecessor-version":[{"id":1835320,"href":"https:\/\/partnerschaftsverein-adelebsen.de\/en\/wp-json\/wp\/v2\/posts\/210648\/revisions\/1835320"}],"wp:featuredmedia":[{"embeddable":true,"href":"https:\/\/partnerschaftsverein-adelebsen.de\/en\/wp-json\/wp\/v2\/media\/289830"}],"wp:attachment":[{"href":"https:\/\/partnerschaftsverein-adelebsen.de\/en\/wp-json\/wp\/v2\/media?parent=210648"}],"wp:term":[{"taxonomy":"category","embeddable":true,"href":"https:\/\/partnerschaftsverein-adelebsen.de\/en\/wp-json\/wp\/v2\/categories?post=210648"},{"taxonomy":"post_tag","embeddable":true,"href":"https:\/\/partnerschaftsverein-adelebsen.de\/en\/wp-json\/wp\/v2\/tags?post=210648"}],"curies":[{"name":"wp","href":"https:\/\/api.w.org\/{rel}","templated":true}]}}